{"id":3061,"date":"2022-07-22T11:00:56","date_gmt":"2022-07-22T16:00:56","guid":{"rendered":"http:\/\/elveracruzano.vip\/?p=3061"},"modified":"2022-07-22T11:00:57","modified_gmt":"2022-07-22T16:00:57","slug":"alcalde-de-boca-del-rio-jm-unanue-pone-en-marcha-la-rehabilitacion-de-la-unidad-deportiva-el-morro","status":"publish","type":"post","link":"https:\/\/elveracruzano.vip\/?p=3061","title":{"rendered":"Alcalde de Boca del R\u00edo, JM Un\u00e1nue, pone en marcha la rehabilitaci\u00f3n de la Unidad Deportiva \u201cEl Morro\u201d"},"content":{"rendered":"\n<p><strong>#BocaDelR\u00edo, #Ver.<\/strong>&#8211; El Presidente Municipal, Juan Manuel Un\u00e1nue Abascal, puso en marcha los trabajos de rehabilitaci\u00f3n de la Unidad Deportiva \u201cEl Morro\u201d, donde realizaran una inversi\u00f3n de m\u00e1s de un mill\u00f3n 200 mil pesos, teniendo como plazo de ejecuci\u00f3n el 20 de septiembre.<\/p>\n\n\n\n<p>Destac\u00f3 que los espacios p\u00fablicos, as\u00ed como las unidades deportivas, representan un lugar id\u00f3neo para el desarrollo de actividades recreativas y de esparcimiento, por ello, el compromiso del gobierno municipal de Boca del R\u00edo, es rehabilitarlas para que se encuentren aptas para su funcionamiento.<\/p>\n\n\n\n<p>\u201cVamos a mejorar la imagen urbana para tener espacios dignos para la recreaci\u00f3n al aire libre, en conjunto con las direcciones de Mantenimiento Urbano, Obras P\u00fablicas y Limpia P\u00fablica\u201d, explic\u00f3.<\/p>\n\n\n\n<p>Las acciones que realizar\u00e1n, ser\u00e1 la aplicaci\u00f3n de m\u00e1s de 2,500 m2 de pintura en todas las bancas, gradas, bardas, muros, oficinas, ba\u00f1os, el kiosco y canchas.<br>M\u00e1s de 350 m2 de pintura especial para el mantenimiento y cubrimiento de la alberca y se impermeabilizar\u00e1n las losas.<\/p>\n\n\n\n<p><strong>#ElVeracruzanoVIP<\/strong><\/p>\n","protected":false},"excerpt":{"rendered":"<p>#BocaDelR\u00edo, #Ver.&#8211; El Presidente Municipal, Juan Manuel Un\u00e1nue Abascal, puso en marcha los trabajos de rehabilitaci\u00f3n de la Unidad Deportiva<\/p>\n","protected":false},"author":4,"featured_media":3062,"comment_status":"open","ping_status":"open","sticky":false,"template":"","format":"standard","meta":{"colormag_page_container_layout":"default_layout","colormag_page_sidebar_layout":"default_layout","rop_custom_images_group":[],"rop_custom_messages_group":[],"rop_publish_now":"initial","rop_publish_now_accounts":{"facebook_109133384920963_108472061465099":""},"rop_publish_now_history":[],"rop_publish_now_status":"pending","footnotes":""},"categories":[11],"tags":[35,76,26,20,18,34,19,21,23,22],"class_list":["post-3061","post","type-post","status-publish","format-standard","has-post-thumbnail","hentry","category-municipios-destacados","tag-boca-del-rio","tag-dif-boca-del-rio","tag-el-veracruzano-vip","tag-enterate","tag-gobierno-del-estado-de-veracruz","tag-juan-manuel-unanue","tag-redes-sociales","tag-ultima-hora","tag-ultimas-noticias","tag-ultimo-minuto"],"_links":{"self":[{"href":"https:\/\/elveracruzano.vip\/index.php?rest_route=\/wp\/v2\/posts\/3061","targetHints":{"allow":["GET"]}}],"collection":[{"href":"https:\/\/elveracruzano.vip\/index.php?rest_route=\/wp\/v2\/posts"}],"about":[{"href":"https:\/\/elveracruzano.vip\/index.php?rest_route=\/wp\/v2\/types\/post"}],"author":[{"embeddable":true,"href":"https:\/\/elveracruzano.vip\/index.php?rest_route=\/wp\/v2\/users\/4"}],"replies":[{"embeddable":true,"href":"https:\/\/elveracruzano.vip\/index.php?rest_route=%2Fwp%2Fv2%2Fcomments&post=3061"}],"version-history":[{"count":1,"href":"https:\/\/elveracruzano.vip\/index.php?rest_route=\/wp\/v2\/posts\/3061\/revisions"}],"predecessor-version":[{"id":3063,"href":"https:\/\/elveracruzano.vip\/index.php?rest_route=\/wp\/v2\/posts\/3061\/revisions\/3063"}],"wp:featuredmedia":[{"embeddable":true,"href":"https:\/\/elveracruzano.vip\/index.php?rest_route=\/wp\/v2\/media\/3062"}],"wp:attachment":[{"href":"https:\/\/elveracruzano.vip\/index.php?rest_route=%2Fwp%2Fv2%2Fmedia&parent=3061"}],"wp:term":[{"taxonomy":"category","embeddable":true,"href":"https:\/\/elveracruzano.vip\/index.php?rest_route=%2Fwp%2Fv2%2Fcategories&post=3061"},{"taxonomy":"post_tag","embeddable":true,"href":"https:\/\/elveracruzano.vip\/index.php?rest_route=%2Fwp%2Fv2%2Ftags&post=3061"}],"curies":[{"name":"wp","href":"https:\/\/api.w.org\/{rel}","templated":true}]}}