{"id":3024,"date":"2022-07-20T14:11:00","date_gmt":"2022-07-20T19:11:00","guid":{"rendered":"http:\/\/elveracruzano.vip\/?p=3024"},"modified":"2022-07-20T11:13:06","modified_gmt":"2022-07-20T16:13:06","slug":"con-mas-de-52-mil-arboles-veracruz-logra-la-plantacion-simultanea-mas-grande","status":"publish","type":"post","link":"https:\/\/elveracruzano.vip\/?p=3024","title":{"rendered":"Con m\u00e1s de 52 mil \u00e1rboles, Veracruz logra la plantaci\u00f3n simultanea m\u00e1s grande"},"content":{"rendered":"\n<p><strong>#Xalapa, #Ver.<\/strong>&#8211; El gobernador Cuitl\u00e1huac Garc\u00eda Jim\u00e9nez reconoci\u00f3 y agradeci\u00f3 a las 6 mil 894 personas que se sumaron a la campa\u00f1a estatal&nbsp;<em>Fabriquemos agua Reforestando;&nbsp;<\/em>alcanzando una meta de 29.30 hect\u00e1reas para recuperar la cubierta forestal de zonas riparias, bosques y selvas afectadas por incendios y fomentar su importancia para la vida.<\/p>\n\n\n\n<p>Record\u00f3 que todos los \u00e1rboles fueron cultivados en los nueve viveros de SEDEMA, luego del rescate que hicieran ya que algunas apenas y estaban produciendo; fue a trav\u00e9s del programa&nbsp;<em>Sembrando Vida<\/em>, impulsado por el presidente Andr\u00e9s Manuel L\u00f3pez Obrador, que Veracruz logr\u00f3 una de las reactivaciones importantes\u201d.<\/p>\n\n\n\n<p>En el informe de este lunes, el titular de la Secretar\u00eda de Medio Ambiente (SEDEMA) Juan Carlos Contreras Bautista precis\u00f3 se plantaron 52 mil 150 especies; 30 mil 650 (dejando 2 mil de reposici\u00f3n) por parte del Gobierno de Veracruz, 9 mil 500 la iniciativa Reforestando Cuencas y 10 mil plantas por el Colegio de Bachilleres del Estado de Veracruz (COBAEV).<\/p>\n\n\n\n<p>\u201cHa sido de las plantaciones hist\u00f3ricas, la m\u00e1s grande que ha existido de manera simult\u00e1nea\u201d, aunado a ello por ser temporada de lluvia estas acciones seguir\u00e1n replic\u00e1ndose durante los siguientes meses.<\/p>\n\n\n\n<p><strong>#ElVeracruzanoVIP<\/strong><\/p>\n","protected":false},"excerpt":{"rendered":"<p>#Xalapa, #Ver.&#8211; El gobernador Cuitl\u00e1huac Garc\u00eda Jim\u00e9nez reconoci\u00f3 y agradeci\u00f3 a las 6 mil 894 personas que se sumaron a<\/p>\n","protected":false},"author":4,"featured_media":3025,"comment_status":"open","ping_status":"open","sticky":false,"template":"","format":"standard","meta":{"colormag_page_container_layout":"default_layout","colormag_page_sidebar_layout":"default_layout","rop_custom_images_group":[],"rop_custom_messages_group":[],"rop_publish_now":"initial","rop_publish_now_accounts":{"facebook_109133384920963_108472061465099":""},"rop_publish_now_history":[],"rop_publish_now_status":"pending","footnotes":""},"categories":[16],"tags":[17,26,20,18,19,84,21,23,22],"class_list":["post-3024","post","type-post","status-publish","format-standard","has-post-thumbnail","hentry","category-ultima-hora","tag-cuitlahuac-garcia-jimenez","tag-el-veracruzano-vip","tag-enterate","tag-gobierno-del-estado-de-veracruz","tag-redes-sociales","tag-secretaria-de-proteccion-civil-del-estado-de-veracruz","tag-ultima-hora","tag-ultimas-noticias","tag-ultimo-minuto"],"_links":{"self":[{"href":"https:\/\/elveracruzano.vip\/index.php?rest_route=\/wp\/v2\/posts\/3024","targetHints":{"allow":["GET"]}}],"collection":[{"href":"https:\/\/elveracruzano.vip\/index.php?rest_route=\/wp\/v2\/posts"}],"about":[{"href":"https:\/\/elveracruzano.vip\/index.php?rest_route=\/wp\/v2\/types\/post"}],"author":[{"embeddable":true,"href":"https:\/\/elveracruzano.vip\/index.php?rest_route=\/wp\/v2\/users\/4"}],"replies":[{"embeddable":true,"href":"https:\/\/elveracruzano.vip\/index.php?rest_route=%2Fwp%2Fv2%2Fcomments&post=3024"}],"version-history":[{"count":2,"href":"https:\/\/elveracruzano.vip\/index.php?rest_route=\/wp\/v2\/posts\/3024\/revisions"}],"predecessor-version":[{"id":3027,"href":"https:\/\/elveracruzano.vip\/index.php?rest_route=\/wp\/v2\/posts\/3024\/revisions\/3027"}],"wp:featuredmedia":[{"embeddable":true,"href":"https:\/\/elveracruzano.vip\/index.php?rest_route=\/wp\/v2\/media\/3025"}],"wp:attachment":[{"href":"https:\/\/elveracruzano.vip\/index.php?rest_route=%2Fwp%2Fv2%2Fmedia&parent=3024"}],"wp:term":[{"taxonomy":"category","embeddable":true,"href":"https:\/\/elveracruzano.vip\/index.php?rest_route=%2Fwp%2Fv2%2Fcategories&post=3024"},{"taxonomy":"post_tag","embeddable":true,"href":"https:\/\/elveracruzano.vip\/index.php?rest_route=%2Fwp%2Fv2%2Ftags&post=3024"}],"curies":[{"name":"wp","href":"https:\/\/api.w.org\/{rel}","templated":true}]}}