{"id":2973,"date":"2022-07-15T11:13:03","date_gmt":"2022-07-15T16:13:03","guid":{"rendered":"http:\/\/elveracruzano.vip\/?p=2973"},"modified":"2022-07-15T11:13:04","modified_gmt":"2022-07-15T16:13:04","slug":"argentina-costa-rica-cuba-espana-y-uruguay-invitados-a-la-expo-turismo-veracruz-2022","status":"publish","type":"post","link":"https:\/\/elveracruzano.vip\/?p=2973","title":{"rendered":"Argentina, Costa Rica, Cuba, Espa\u00f1a y Uruguay, invitados a la Expo Turismo Veracruz 2022"},"content":{"rendered":"\n<p><strong>#GobiernoDeVeracruz<\/strong>.- La Secretar\u00eda de Turismo y Cultura (SECTUR) inici\u00f3 una serie de reuniones con representantes de Argentina, Costa Rica, Cuba, Espa\u00f1a y Uruguay para invitarlos a formar parte de la \u201cExpo Turismo Veracruz 2022\u201d, a realizarse del 15 al 17 de noviembre, con una participaci\u00f3n de alrededor de 200 empresas expositoras y la presencia de los seis Pueblos M\u00e1gicos veracruzanos.<\/p>\n\n\n\n<p>La visita a diferentes embajadas en la Ciudad de M\u00e9xico, establece una relaci\u00f3n con los pa\u00edses que ofrecen alternativas en la materia y un acercamiento con los diferentes segmentos tur\u00edsticos de la entidad, generando la especializaci\u00f3n en cada uno de ellos, explic\u00f3 el titular de la SECTUR, Iv\u00e1n Francisco Mart\u00ednez Olvera, quien estuvo acompa\u00f1ado por el subsecretario de Promoci\u00f3n y Atenci\u00f3n Tur\u00edstica, H\u00e9ctor Aguilera Lira.<\/p>\n\n\n\n<p>En el encuentro con la Consejera del Ministerio de Turismo de Cuba, Sonia Beltr\u00e1n Viveros, tambi\u00e9n hablaron sobre la participaci\u00f3n en el&nbsp;<em>Festival Internacional Xalapa y su Cultura<\/em>, del posible incremento de conectividad a\u00e9rea con un vuelo directo Veracruz-Cuba y la participaci\u00f3n activa entre empresarios estatales con inversionistas de aquel pa\u00eds.&nbsp;<\/p>\n\n\n\n<p>Durante el acercamiento con el Consejero de Turismo Espa\u00f1a, Fernando Villalba Torres, abundaron sobre el turismo de negocios y de colaboraci\u00f3n con los polos de desarrollo del Istmo de Tehuantepec. Respecto a Costa Rica, se espera la participaci\u00f3n cultural, gastron\u00f3mica y artesanal, as\u00ed como de tour operadores y prestadores de servicios.\u00a0<\/p>\n\n\n\n<p><strong>#ElVeracruzanoVIP<\/strong><\/p>\n","protected":false},"excerpt":{"rendered":"<p>#GobiernoDeVeracruz.- La Secretar\u00eda de Turismo y Cultura (SECTUR) inici\u00f3 una serie de reuniones con representantes de Argentina, Costa Rica, Cuba,<\/p>\n","protected":false},"author":4,"featured_media":2974,"comment_status":"open","ping_status":"open","sticky":false,"template":"","format":"standard","meta":{"colormag_page_container_layout":"default_layout","colormag_page_sidebar_layout":"default_layout","rop_custom_images_group":[],"rop_custom_messages_group":[],"rop_publish_now":"initial","rop_publish_now_accounts":{"facebook_109133384920963_108472061465099":""},"rop_publish_now_history":[],"rop_publish_now_status":"pending","footnotes":""},"categories":[16],"tags":[17,26,20,18,19,21,23,22],"class_list":["post-2973","post","type-post","status-publish","format-standard","has-post-thumbnail","hentry","category-ultima-hora","tag-cuitlahuac-garcia-jimenez","tag-el-veracruzano-vip","tag-enterate","tag-gobierno-del-estado-de-veracruz","tag-redes-sociales","tag-ultima-hora","tag-ultimas-noticias","tag-ultimo-minuto"],"_links":{"self":[{"href":"https:\/\/elveracruzano.vip\/index.php?rest_route=\/wp\/v2\/posts\/2973","targetHints":{"allow":["GET"]}}],"collection":[{"href":"https:\/\/elveracruzano.vip\/index.php?rest_route=\/wp\/v2\/posts"}],"about":[{"href":"https:\/\/elveracruzano.vip\/index.php?rest_route=\/wp\/v2\/types\/post"}],"author":[{"embeddable":true,"href":"https:\/\/elveracruzano.vip\/index.php?rest_route=\/wp\/v2\/users\/4"}],"replies":[{"embeddable":true,"href":"https:\/\/elveracruzano.vip\/index.php?rest_route=%2Fwp%2Fv2%2Fcomments&post=2973"}],"version-history":[{"count":1,"href":"https:\/\/elveracruzano.vip\/index.php?rest_route=\/wp\/v2\/posts\/2973\/revisions"}],"predecessor-version":[{"id":2975,"href":"https:\/\/elveracruzano.vip\/index.php?rest_route=\/wp\/v2\/posts\/2973\/revisions\/2975"}],"wp:featuredmedia":[{"embeddable":true,"href":"https:\/\/elveracruzano.vip\/index.php?rest_route=\/wp\/v2\/media\/2974"}],"wp:attachment":[{"href":"https:\/\/elveracruzano.vip\/index.php?rest_route=%2Fwp%2Fv2%2Fmedia&parent=2973"}],"wp:term":[{"taxonomy":"category","embeddable":true,"href":"https:\/\/elveracruzano.vip\/index.php?rest_route=%2Fwp%2Fv2%2Fcategories&post=2973"},{"taxonomy":"post_tag","embeddable":true,"href":"https:\/\/elveracruzano.vip\/index.php?rest_route=%2Fwp%2Fv2%2Ftags&post=2973"}],"curies":[{"name":"wp","href":"https:\/\/api.w.org\/{rel}","templated":true}]}}