{"id":2938,"date":"2022-07-11T10:39:26","date_gmt":"2022-07-11T15:39:26","guid":{"rendered":"http:\/\/elveracruzano.vip\/?p=2938"},"modified":"2022-07-11T10:39:27","modified_gmt":"2022-07-11T15:39:27","slug":"celebra-dimude-regreso-del-futbol-profesional-a-coatzacoalcos","status":"publish","type":"post","link":"https:\/\/elveracruzano.vip\/?p=2938","title":{"rendered":"Celebra DIMUDE regreso del futbol profesional a Coatzacoalcos"},"content":{"rendered":"\n<p><strong>#Coatzacoalcos, #Ver.<\/strong>&#8211; El Gobierno Municipal que encabeza Amado Jes\u00fas Cruz Malpica, sigue promoviendo el deporte, con el regreso del futbol profesional a Coatzacoalcos. El estadio \u00abRafael Hern\u00e1ndez Ochoa\u00bb, que ha sido testigo de memorables batallas deportivas,\u00a0fue nuevamente el escenario de la simb\u00f3lica inauguraci\u00f3n\u00a0en casa del equipo \u00abClub Deportivo Coatzacoalcos\u00bb.<\/p>\n\n\n\n<p>En la primera jornada de esta liga profesional del futbol mexicano, el equipo porte\u00f1o se impuso con un marcador de seis goles por uno a un aguerrido Club Deportivo Mat\u00edas Romero.<\/p>\n\n\n\n<p>En representaci\u00f3n del Director de la DIMUDE, Ricardo Ord\u00f3\u00f1ez Malpica, asisti\u00f3 a la gran inauguraci\u00f3n del torneo Liga Profesional, Carlos Esquivel Olvera, Subdirector de la DIMUDE, encargado de dar la patada inaugural; adem\u00e1s del Coordinador Deportivo, Luis Alberto Alem\u00e1n S\u00e1nchez.<\/p>\n\n\n\n<p>Desde la DIMUDE,\u00a0no descansaremos en seguir impulsando el deporte,\u00a0con el firme prop\u00f3sito de que surjan m\u00e1s deportistas porte\u00f1os que puedan poner en alto el nombre de Coatzacoalcos, la ciudad que queremos todos.<\/p>\n\n\n\n<p><strong>#ElVeracruzanoVIP<\/strong><\/p>\n","protected":false},"excerpt":{"rendered":"<p>#Coatzacoalcos, #Ver.&#8211; El Gobierno Municipal que encabeza Amado Jes\u00fas Cruz Malpica, sigue promoviendo el deporte, con el regreso del futbol<\/p>\n","protected":false},"author":4,"featured_media":2939,"comment_status":"open","ping_status":"open","sticky":false,"template":"","format":"standard","meta":{"colormag_page_container_layout":"default_layout","colormag_page_sidebar_layout":"default_layout","rop_custom_images_group":[],"rop_custom_messages_group":[],"rop_publish_now":"initial","rop_publish_now_accounts":{"facebook_109133384920963_108472061465099":""},"rop_publish_now_history":[],"rop_publish_now_status":"pending","footnotes":""},"categories":[10],"tags":[78,37,17,26,20,18,19,21,23,22],"class_list":["post-2938","post","type-post","status-publish","format-standard","has-post-thumbnail","hentry","category-municipios","tag-amado-cruz-malpica","tag-coatzacoalcos","tag-cuitlahuac-garcia-jimenez","tag-el-veracruzano-vip","tag-enterate","tag-gobierno-del-estado-de-veracruz","tag-redes-sociales","tag-ultima-hora","tag-ultimas-noticias","tag-ultimo-minuto"],"_links":{"self":[{"href":"https:\/\/elveracruzano.vip\/index.php?rest_route=\/wp\/v2\/posts\/2938","targetHints":{"allow":["GET"]}}],"collection":[{"href":"https:\/\/elveracruzano.vip\/index.php?rest_route=\/wp\/v2\/posts"}],"about":[{"href":"https:\/\/elveracruzano.vip\/index.php?rest_route=\/wp\/v2\/types\/post"}],"author":[{"embeddable":true,"href":"https:\/\/elveracruzano.vip\/index.php?rest_route=\/wp\/v2\/users\/4"}],"replies":[{"embeddable":true,"href":"https:\/\/elveracruzano.vip\/index.php?rest_route=%2Fwp%2Fv2%2Fcomments&post=2938"}],"version-history":[{"count":1,"href":"https:\/\/elveracruzano.vip\/index.php?rest_route=\/wp\/v2\/posts\/2938\/revisions"}],"predecessor-version":[{"id":2940,"href":"https:\/\/elveracruzano.vip\/index.php?rest_route=\/wp\/v2\/posts\/2938\/revisions\/2940"}],"wp:featuredmedia":[{"embeddable":true,"href":"https:\/\/elveracruzano.vip\/index.php?rest_route=\/wp\/v2\/media\/2939"}],"wp:attachment":[{"href":"https:\/\/elveracruzano.vip\/index.php?rest_route=%2Fwp%2Fv2%2Fmedia&parent=2938"}],"wp:term":[{"taxonomy":"category","embeddable":true,"href":"https:\/\/elveracruzano.vip\/index.php?rest_route=%2Fwp%2Fv2%2Fcategories&post=2938"},{"taxonomy":"post_tag","embeddable":true,"href":"https:\/\/elveracruzano.vip\/index.php?rest_route=%2Fwp%2Fv2%2Ftags&post=2938"}],"curies":[{"name":"wp","href":"https:\/\/api.w.org\/{rel}","templated":true}]}}