{"id":2928,"date":"2022-07-11T10:33:12","date_gmt":"2022-07-11T15:33:12","guid":{"rendered":"http:\/\/elveracruzano.vip\/?p=2928"},"modified":"2022-07-11T10:33:13","modified_gmt":"2022-07-11T15:33:13","slug":"reafirman-simbolos-patrios-en-orizaba-con-honores-a-la-bandera-en-preescolar-cri-cri","status":"publish","type":"post","link":"https:\/\/elveracruzano.vip\/?p=2928","title":{"rendered":"Reafirman S\u00edmbolos patrios en Orizaba con Honores a la Bandera en Preescolar \u00abCRI-CRI\u00bb"},"content":{"rendered":"\n<p><strong>#Orizaba, #Ver<\/strong>.- De igual forma el ayuntamiento llev\u00f3 a cabo las Jornadas Educativas, en donde impartieron a los ni\u00f1os y a la comunidad educativa diversos temas de salud. La Coordinaci\u00f3n DAPRIA brind\u00f3 a los padres de familia pl\u00e1ticas sobre los estilos parentales, as\u00ed como el tema: \u00abEntre la protecci\u00f3n y la autonom\u00eda\u00bb.<\/p>\n\n\n\n<figure class=\"wp-block-image aligncenter size-large is-resized\"><img loading=\"lazy\" decoding=\"async\" src=\"http:\/\/elveracruzano.vip\/wp-content\/uploads\/2022\/07\/ori2-1-1024x678.jpg\" alt=\"\" class=\"wp-image-2929\" width=\"496\" height=\"328\" srcset=\"https:\/\/elveracruzano.vip\/wp-content\/uploads\/2022\/07\/ori2-1-1024x678.jpg 1024w, https:\/\/elveracruzano.vip\/wp-content\/uploads\/2022\/07\/ori2-1-300x199.jpg 300w, https:\/\/elveracruzano.vip\/wp-content\/uploads\/2022\/07\/ori2-1-768x508.jpg 768w, https:\/\/elveracruzano.vip\/wp-content\/uploads\/2022\/07\/ori2-1-600x397.jpg 600w, https:\/\/elveracruzano.vip\/wp-content\/uploads\/2022\/07\/ori2-1.jpg 1280w\" sizes=\"auto, (max-width: 496px) 100vw, 496px\" \/><\/figure>\n\n\n\n<p><strong>#ElVeracruzanoVIP<\/strong><\/p>\n","protected":false},"excerpt":{"rendered":"<p>#Orizaba, #Ver.- De igual forma el ayuntamiento llev\u00f3 a cabo las Jornadas Educativas, en donde impartieron a los ni\u00f1os y<\/p>\n","protected":false},"author":4,"featured_media":2930,"comment_status":"open","ping_status":"open","sticky":false,"template":"","format":"standard","meta":{"colormag_page_container_layout":"default_layout","colormag_page_sidebar_layout":"default_layout","rop_custom_images_group":[],"rop_custom_messages_group":[],"rop_publish_now":"initial","rop_publish_now_accounts":{"facebook_109133384920963_108472061465099":""},"rop_publish_now_history":[],"rop_publish_now_status":"pending","footnotes":""},"categories":[11],"tags":[53,17,92,26,20,18,81,19,21,23,22],"class_list":["post-2928","post","type-post","status-publish","format-standard","has-post-thumbnail","hentry","category-municipios-destacados","tag-ayuntamiento-de-orizaba","tag-cuitlahuac-garcia-jimenez","tag-dif-orizaba","tag-el-veracruzano-vip","tag-enterate","tag-gobierno-del-estado-de-veracruz","tag-juan-manuel-diez","tag-redes-sociales","tag-ultima-hora","tag-ultimas-noticias","tag-ultimo-minuto"],"_links":{"self":[{"href":"https:\/\/elveracruzano.vip\/index.php?rest_route=\/wp\/v2\/posts\/2928","targetHints":{"allow":["GET"]}}],"collection":[{"href":"https:\/\/elveracruzano.vip\/index.php?rest_route=\/wp\/v2\/posts"}],"about":[{"href":"https:\/\/elveracruzano.vip\/index.php?rest_route=\/wp\/v2\/types\/post"}],"author":[{"embeddable":true,"href":"https:\/\/elveracruzano.vip\/index.php?rest_route=\/wp\/v2\/users\/4"}],"replies":[{"embeddable":true,"href":"https:\/\/elveracruzano.vip\/index.php?rest_route=%2Fwp%2Fv2%2Fcomments&post=2928"}],"version-history":[{"count":1,"href":"https:\/\/elveracruzano.vip\/index.php?rest_route=\/wp\/v2\/posts\/2928\/revisions"}],"predecessor-version":[{"id":2931,"href":"https:\/\/elveracruzano.vip\/index.php?rest_route=\/wp\/v2\/posts\/2928\/revisions\/2931"}],"wp:featuredmedia":[{"embeddable":true,"href":"https:\/\/elveracruzano.vip\/index.php?rest_route=\/wp\/v2\/media\/2930"}],"wp:attachment":[{"href":"https:\/\/elveracruzano.vip\/index.php?rest_route=%2Fwp%2Fv2%2Fmedia&parent=2928"}],"wp:term":[{"taxonomy":"category","embeddable":true,"href":"https:\/\/elveracruzano.vip\/index.php?rest_route=%2Fwp%2Fv2%2Fcategories&post=2928"},{"taxonomy":"post_tag","embeddable":true,"href":"https:\/\/elveracruzano.vip\/index.php?rest_route=%2Fwp%2Fv2%2Ftags&post=2928"}],"curies":[{"name":"wp","href":"https:\/\/api.w.org\/{rel}","templated":true}]}}