{"id":2885,"date":"2022-07-06T11:12:55","date_gmt":"2022-07-06T16:12:55","guid":{"rendered":"http:\/\/elveracruzano.vip\/?p=2885"},"modified":"2022-07-06T11:12:56","modified_gmt":"2022-07-06T16:12:56","slug":"refuerza-salud-publica-de-coatzacoalcos-acciones-preventivas-contra-el-dengue","status":"publish","type":"post","link":"https:\/\/elveracruzano.vip\/?p=2885","title":{"rendered":"Refuerza Salud P\u00fablica de Coatzacoalcos, acciones preventivas contra el Dengue"},"content":{"rendered":"\n<p><strong>#Coatzacoalcos, #Ver<\/strong>.- Ante la llegada de lluvias para la zona sur de Veracruz, personal de \u201cPromoci\u00f3n a la Salud\u201d de la Direcci\u00f3n de Salud P\u00fablica Municipal, contin\u00faa efectuando acciones preventivas para evitar el riesgo de las enfermedades transmitidas por vector (Dengue, Zika y Chikungunya).<\/p>\n\n\n\n<p>Desde hace m\u00e1s de dos meses, a trav\u00e9s del programa \u201cPatio Limpio Para un Entorno Saludable\u201d, en el que se promueve la eliminaci\u00f3n masiva de criaderos (objetos que almacenen agua) se han recorrido colonias y ejidos de Coatzacoalcos, as\u00ed como escuelas de la zona centro y el poniente de la ciudad.<\/p>\n\n\n\n<p>Este martes, el personal de salud visit\u00f3 viviendas ubicadas en la colonia Tr\u00f3pico de la Rivera para compartir informaci\u00f3n preventiva y en coordinaci\u00f3n con la Jurisdicci\u00f3n Sanitaria N\u00famero XI se llevaron a cabo acciones de control larvario.<\/p>\n\n\n\n<p>En junio, el \u00e1rea visit\u00f3 153 casas ubicadas en zonas bajas donde hay mayor probabilidad de la reproducci\u00f3n de estos vectores, beneficiando a 400 habitantes.<\/p>\n\n\n\n<p><strong>#ElVeracruzanoVIP<\/strong><\/p>\n","protected":false},"excerpt":{"rendered":"<p>#Coatzacoalcos, #Ver.- Ante la llegada de lluvias para la zona sur de Veracruz, personal de \u201cPromoci\u00f3n a la Salud\u201d de<\/p>\n","protected":false},"author":4,"featured_media":2886,"comment_status":"open","ping_status":"open","sticky":false,"template":"","format":"standard","meta":{"colormag_page_container_layout":"default_layout","colormag_page_sidebar_layout":"default_layout","rop_custom_images_group":[],"rop_custom_messages_group":[],"rop_publish_now":"initial","rop_publish_now_accounts":{"facebook_109133384920963_108472061465099":""},"rop_publish_now_history":[],"rop_publish_now_status":"pending","footnotes":""},"categories":[10],"tags":[78,37,17,26,20,19,21,23,22],"class_list":["post-2885","post","type-post","status-publish","format-standard","has-post-thumbnail","hentry","category-municipios","tag-amado-cruz-malpica","tag-coatzacoalcos","tag-cuitlahuac-garcia-jimenez","tag-el-veracruzano-vip","tag-enterate","tag-redes-sociales","tag-ultima-hora","tag-ultimas-noticias","tag-ultimo-minuto"],"_links":{"self":[{"href":"https:\/\/elveracruzano.vip\/index.php?rest_route=\/wp\/v2\/posts\/2885","targetHints":{"allow":["GET"]}}],"collection":[{"href":"https:\/\/elveracruzano.vip\/index.php?rest_route=\/wp\/v2\/posts"}],"about":[{"href":"https:\/\/elveracruzano.vip\/index.php?rest_route=\/wp\/v2\/types\/post"}],"author":[{"embeddable":true,"href":"https:\/\/elveracruzano.vip\/index.php?rest_route=\/wp\/v2\/users\/4"}],"replies":[{"embeddable":true,"href":"https:\/\/elveracruzano.vip\/index.php?rest_route=%2Fwp%2Fv2%2Fcomments&post=2885"}],"version-history":[{"count":1,"href":"https:\/\/elveracruzano.vip\/index.php?rest_route=\/wp\/v2\/posts\/2885\/revisions"}],"predecessor-version":[{"id":2887,"href":"https:\/\/elveracruzano.vip\/index.php?rest_route=\/wp\/v2\/posts\/2885\/revisions\/2887"}],"wp:featuredmedia":[{"embeddable":true,"href":"https:\/\/elveracruzano.vip\/index.php?rest_route=\/wp\/v2\/media\/2886"}],"wp:attachment":[{"href":"https:\/\/elveracruzano.vip\/index.php?rest_route=%2Fwp%2Fv2%2Fmedia&parent=2885"}],"wp:term":[{"taxonomy":"category","embeddable":true,"href":"https:\/\/elveracruzano.vip\/index.php?rest_route=%2Fwp%2Fv2%2Fcategories&post=2885"},{"taxonomy":"post_tag","embeddable":true,"href":"https:\/\/elveracruzano.vip\/index.php?rest_route=%2Fwp%2Fv2%2Ftags&post=2885"}],"curies":[{"name":"wp","href":"https:\/\/api.w.org\/{rel}","templated":true}]}}