{"id":2858,"date":"2022-07-04T20:32:10","date_gmt":"2022-07-05T01:32:10","guid":{"rendered":"http:\/\/elveracruzano.vip\/?p=2858"},"modified":"2022-07-04T20:32:11","modified_gmt":"2022-07-05T01:32:11","slug":"participa-paty-lobeira-en-el-3er-desfile-del-carnaval-veracruz","status":"publish","type":"post","link":"https:\/\/elveracruzano.vip\/?p=2858","title":{"rendered":"Participa Paty Lobe\u00edra en el 3er desfile del Carnaval Veracruz"},"content":{"rendered":"\n<p><strong>#Veracruz, #Ver<\/strong>.- En compa\u00f1\u00eda del alcalde de Boca del R\u00edo, Juan Manuel Unanue, particip\u00f3 la alcaldesa de Veracruz, Paty Lobeira, en el tercer desfile del Carnaval, \u00abFue un honor portar nuestro traje t\u00edpico representando a las y los jarochos, saludar a todos los que se dieron cita para asistir al desfile, sin duda este es el carnaval m\u00e1s alegre del mundo\u00bb, expres\u00f3. <\/p>\n\n\n\n<figure class=\"wp-block-image aligncenter size-large is-resized\"><img loading=\"lazy\" decoding=\"async\" src=\"http:\/\/elveracruzano.vip\/wp-content\/uploads\/2022\/07\/vera-1024x622.jpg\" alt=\"\" class=\"wp-image-2859\" width=\"560\" height=\"340\" srcset=\"https:\/\/elveracruzano.vip\/wp-content\/uploads\/2022\/07\/vera-1024x622.jpg 1024w, https:\/\/elveracruzano.vip\/wp-content\/uploads\/2022\/07\/vera-300x182.jpg 300w, https:\/\/elveracruzano.vip\/wp-content\/uploads\/2022\/07\/vera-768x467.jpg 768w, https:\/\/elveracruzano.vip\/wp-content\/uploads\/2022\/07\/vera-1536x933.jpg 1536w, https:\/\/elveracruzano.vip\/wp-content\/uploads\/2022\/07\/vera-600x364.jpg 600w, https:\/\/elveracruzano.vip\/wp-content\/uploads\/2022\/07\/vera.jpg 2048w\" sizes=\"auto, (max-width: 560px) 100vw, 560px\" \/><\/figure>\n\n\n\n<p>#ElVeracruzanoVIP<\/p>\n","protected":false},"excerpt":{"rendered":"<p>#Veracruz, #Ver.- En compa\u00f1\u00eda del alcalde de Boca del R\u00edo, Juan Manuel Unanue, particip\u00f3 la alcaldesa de Veracruz, Paty Lobeira,<\/p>\n","protected":false},"author":4,"featured_media":2860,"comment_status":"open","ping_status":"open","sticky":false,"template":"","format":"standard","meta":{"colormag_page_container_layout":"default_layout","colormag_page_sidebar_layout":"default_layout","rop_custom_images_group":[],"rop_custom_messages_group":[],"rop_publish_now":"initial","rop_publish_now_accounts":{"facebook_109133384920963_108472061465099":""},"rop_publish_now_history":[],"rop_publish_now_status":"pending","footnotes":""},"categories":[8],"tags":[17,27,26,20,18,69,58,19,21,23,22,90],"class_list":["post-2858","post","type-post","status-publish","format-standard","has-post-thumbnail","hentry","category-alcaldesas","tag-cuitlahuac-garcia-jimenez","tag-dif-estatal-veracruz-oficial","tag-el-veracruzano-vip","tag-enterate","tag-gobierno-del-estado-de-veracruz","tag-municipio-de-veracruz","tag-paty-lobeira-de-yunes","tag-redes-sociales","tag-ultima-hora","tag-ultimas-noticias","tag-ultimo-minuto","tag-veracruz-ciudad-y-puerto"],"_links":{"self":[{"href":"https:\/\/elveracruzano.vip\/index.php?rest_route=\/wp\/v2\/posts\/2858","targetHints":{"allow":["GET"]}}],"collection":[{"href":"https:\/\/elveracruzano.vip\/index.php?rest_route=\/wp\/v2\/posts"}],"about":[{"href":"https:\/\/elveracruzano.vip\/index.php?rest_route=\/wp\/v2\/types\/post"}],"author":[{"embeddable":true,"href":"https:\/\/elveracruzano.vip\/index.php?rest_route=\/wp\/v2\/users\/4"}],"replies":[{"embeddable":true,"href":"https:\/\/elveracruzano.vip\/index.php?rest_route=%2Fwp%2Fv2%2Fcomments&post=2858"}],"version-history":[{"count":1,"href":"https:\/\/elveracruzano.vip\/index.php?rest_route=\/wp\/v2\/posts\/2858\/revisions"}],"predecessor-version":[{"id":2861,"href":"https:\/\/elveracruzano.vip\/index.php?rest_route=\/wp\/v2\/posts\/2858\/revisions\/2861"}],"wp:featuredmedia":[{"embeddable":true,"href":"https:\/\/elveracruzano.vip\/index.php?rest_route=\/wp\/v2\/media\/2860"}],"wp:attachment":[{"href":"https:\/\/elveracruzano.vip\/index.php?rest_route=%2Fwp%2Fv2%2Fmedia&parent=2858"}],"wp:term":[{"taxonomy":"category","embeddable":true,"href":"https:\/\/elveracruzano.vip\/index.php?rest_route=%2Fwp%2Fv2%2Fcategories&post=2858"},{"taxonomy":"post_tag","embeddable":true,"href":"https:\/\/elveracruzano.vip\/index.php?rest_route=%2Fwp%2Fv2%2Ftags&post=2858"}],"curies":[{"name":"wp","href":"https:\/\/api.w.org\/{rel}","templated":true}]}}