{"id":2814,"date":"2022-06-29T10:58:58","date_gmt":"2022-06-29T15:58:58","guid":{"rendered":"http:\/\/elveracruzano.vip\/?p=2814"},"modified":"2022-06-29T10:58:59","modified_gmt":"2022-06-29T15:58:59","slug":"la-lengua-de-los-conquistadores-el-castellano-y-sus-dialectos-andalucismo-del-espanol-en-america","status":"publish","type":"post","link":"https:\/\/elveracruzano.vip\/?p=2814","title":{"rendered":"La lengua de los conquistadores, el castellano y sus dialectos, andalucismo del espa\u00f1ol en Am\u00e9rica"},"content":{"rendered":"\n<p><strong>#Eventos<\/strong>.- El andalucismo es una teor\u00eda sobre el origen del espa\u00f1ol de Am\u00e9rica. Sostiene que Hispanoam\u00e9rica comparte similitudes l\u00e9xicas y fon\u00e9ticas con la regi\u00f3n espa\u00f1ola de Andaluc\u00eda, ya que durante el proceso de colonizaci\u00f3n los peninsulares que llegaron a Am\u00e9rica fueron principalmente andaluces, entre otros espa\u00f1oles que hablaban dialectos como el aragon\u00e9s y el leon\u00e9s. <\/p>\n\n\n\n<p>De acuerdo con este planteamiento, la influencia andaluza en el espa\u00f1ol americano se observa en aspectos como el seseo y el ye\u00edsmo.<br>Durante esta segunda lecci\u00f3n del curso, el colegiado Luis Fernando Lara analizar\u00e1 los distintos rasgos del castellano de los colonizadores y su diversidad dialectal, y c\u00f3mo estos aspectos convergieron en el Nuevo Mundo para configurar el espa\u00f1ol en Am\u00e9rica. La sesi\u00f3n presentar\u00e1 m\u00faltiples ejemplos, para que el espectador se forme una idea propia del proceso de evoluci\u00f3n del espa\u00f1ol en nuestra regi\u00f3n.<\/p>\n\n\n\n<p><br>Viernes 01 de julio, 6:00 p. m. | Actividad presencial<br>La lengua de los conquistadores. El castellano y sus dialectos. Andalucismo del espa\u00f1ol en Am\u00e9rica<br>Curso Historia del espa\u00f1ol de M\u00e9xico 2022<br>Coordina e imparte: Luis Fernando Lara*<\/p>\n\n\n\n<p><strong>#ElVeracruzanoVIP<\/strong><\/p>\n","protected":false},"excerpt":{"rendered":"<p>#Eventos.- El andalucismo es una teor\u00eda sobre el origen del espa\u00f1ol de Am\u00e9rica. Sostiene que Hispanoam\u00e9rica comparte similitudes l\u00e9xicas y<\/p>\n","protected":false},"author":4,"featured_media":2815,"comment_status":"open","ping_status":"open","sticky":false,"template":"","format":"standard","meta":{"colormag_page_container_layout":"default_layout","colormag_page_sidebar_layout":"default_layout","rop_custom_images_group":[],"rop_custom_messages_group":[],"rop_publish_now":"initial","rop_publish_now_accounts":{"facebook_109133384920963_108472061465099":""},"rop_publish_now_history":[],"rop_publish_now_status":"pending","footnotes":""},"categories":[9],"tags":[26,20,18,19,21,23,22],"class_list":["post-2814","post","type-post","status-publish","format-standard","has-post-thumbnail","hentry","category-eventos-especiales","tag-el-veracruzano-vip","tag-enterate","tag-gobierno-del-estado-de-veracruz","tag-redes-sociales","tag-ultima-hora","tag-ultimas-noticias","tag-ultimo-minuto"],"_links":{"self":[{"href":"https:\/\/elveracruzano.vip\/index.php?rest_route=\/wp\/v2\/posts\/2814","targetHints":{"allow":["GET"]}}],"collection":[{"href":"https:\/\/elveracruzano.vip\/index.php?rest_route=\/wp\/v2\/posts"}],"about":[{"href":"https:\/\/elveracruzano.vip\/index.php?rest_route=\/wp\/v2\/types\/post"}],"author":[{"embeddable":true,"href":"https:\/\/elveracruzano.vip\/index.php?rest_route=\/wp\/v2\/users\/4"}],"replies":[{"embeddable":true,"href":"https:\/\/elveracruzano.vip\/index.php?rest_route=%2Fwp%2Fv2%2Fcomments&post=2814"}],"version-history":[{"count":1,"href":"https:\/\/elveracruzano.vip\/index.php?rest_route=\/wp\/v2\/posts\/2814\/revisions"}],"predecessor-version":[{"id":2816,"href":"https:\/\/elveracruzano.vip\/index.php?rest_route=\/wp\/v2\/posts\/2814\/revisions\/2816"}],"wp:featuredmedia":[{"embeddable":true,"href":"https:\/\/elveracruzano.vip\/index.php?rest_route=\/wp\/v2\/media\/2815"}],"wp:attachment":[{"href":"https:\/\/elveracruzano.vip\/index.php?rest_route=%2Fwp%2Fv2%2Fmedia&parent=2814"}],"wp:term":[{"taxonomy":"category","embeddable":true,"href":"https:\/\/elveracruzano.vip\/index.php?rest_route=%2Fwp%2Fv2%2Fcategories&post=2814"},{"taxonomy":"post_tag","embeddable":true,"href":"https:\/\/elveracruzano.vip\/index.php?rest_route=%2Fwp%2Fv2%2Ftags&post=2814"}],"curies":[{"name":"wp","href":"https:\/\/api.w.org\/{rel}","templated":true}]}}