{"id":2797,"date":"2022-06-29T16:37:00","date_gmt":"2022-06-29T21:37:00","guid":{"rendered":"http:\/\/elveracruzano.vip\/?p=2797"},"modified":"2022-06-29T10:38:39","modified_gmt":"2022-06-29T15:38:39","slug":"impulsa-ivec-el-talento-artistico-local-con-el-encuentro-escenico-2022","status":"publish","type":"post","link":"https:\/\/elveracruzano.vip\/?p=2797","title":{"rendered":"Impulsa IVEC el talento art\u00edstico local con el Encuentro Esc\u00e9nico 2022"},"content":{"rendered":"\n<p class=\"wp-block-paragraph\"><strong>#Xalapa, #Ver<\/strong>.- El Instituto Veracruzano de la Cultura (IVEC) invita a las creadoras y creadores esc\u00e9nicos radicados en la zona metropolitana del puerto jarocho a participar en el Encuentro Esc\u00e9nico Veracruz 2022, iniciativa que busca estimular la producci\u00f3n art\u00edstica y la formaci\u00f3n de p\u00fablicos en esa regi\u00f3n.<\/p>\n\n\n\n<p class=\"wp-block-paragraph\">La convocatoria propone a las compa\u00f1\u00edas profesionales independientes de teatro y danza locales un espacio en el Teatro de la Reforma para la presentaci\u00f3n de sus puestas en escena, otorgando la totalidad de los ingresos obtenidos en taquilla.<\/p>\n\n\n\n<p class=\"wp-block-paragraph\">Podr\u00e1n concursar grupos integrados por veracruzanos o extranjeros con residencia legal y comprobable en los municipios de Veracruz, Boca del R\u00edo, Medell\u00edn, Alvarado, Jamapa y Manlio Fabio Altamirano que entreguen un proyecto con tem\u00e1tica y formato libre, adem\u00e1s de un montaje pr\u00e1ctico y ligero.<\/p>\n\n\n\n<p class=\"wp-block-paragraph\">Ser\u00e1n seleccionadas al menos cinco propuestas que habr\u00e1n de conformar la programaci\u00f3n del Encuentro Esc\u00e9nico, a desarrollarse entre agosto y noviembre en el Teatro de la Reforma. Cada compa\u00f1\u00eda tendr\u00e1 hasta dos funciones, cuyo costo recibir\u00e1n \u00edntegramente. El IVEC aportar\u00e1 el trabajo log\u00edstico y apoyar\u00e1 en los requerimientos t\u00e9cnicos y operativos, adem\u00e1s de la campa\u00f1a de difusi\u00f3n.<\/p>\n\n\n\n<p class=\"wp-block-paragraph\"><strong>#ElVeracruzanoVIP<\/strong><\/p>\n","protected":false},"excerpt":{"rendered":"<p>#Xalapa, #Ver.- El Instituto Veracruzano de la Cultura (IVEC) invita a las creadoras y creadores esc\u00e9nicos radicados en la zona<\/p>\n","protected":false},"author":4,"featured_media":2798,"comment_status":"open","ping_status":"open","sticky":false,"template":"","format":"standard","meta":{"colormag_page_container_layout":"default_layout","colormag_page_sidebar_layout":"default_layout","rop_custom_images_group":[],"rop_custom_messages_group":[],"rop_publish_now":"initial","rop_publish_now_accounts":{"facebook_109133384920963_108472061465099":""},"rop_publish_now_history":[],"rop_publish_now_status":"pending","footnotes":""},"categories":[14],"tags":[17,26,20,18,19,84,21,23,22],"class_list":["post-2797","post","type-post","status-publish","format-standard","has-post-thumbnail","hentry","category-secretarias","tag-cuitlahuac-garcia-jimenez","tag-el-veracruzano-vip","tag-enterate","tag-gobierno-del-estado-de-veracruz","tag-redes-sociales","tag-secretaria-de-proteccion-civil-del-estado-de-veracruz","tag-ultima-hora","tag-ultimas-noticias","tag-ultimo-minuto"],"_links":{"self":[{"href":"https:\/\/elveracruzano.vip\/index.php?rest_route=\/wp\/v2\/posts\/2797","targetHints":{"allow":["GET"]}}],"collection":[{"href":"https:\/\/elveracruzano.vip\/index.php?rest_route=\/wp\/v2\/posts"}],"about":[{"href":"https:\/\/elveracruzano.vip\/index.php?rest_route=\/wp\/v2\/types\/post"}],"author":[{"embeddable":true,"href":"https:\/\/elveracruzano.vip\/index.php?rest_route=\/wp\/v2\/users\/4"}],"replies":[{"embeddable":true,"href":"https:\/\/elveracruzano.vip\/index.php?rest_route=%2Fwp%2Fv2%2Fcomments&post=2797"}],"version-history":[{"count":1,"href":"https:\/\/elveracruzano.vip\/index.php?rest_route=\/wp\/v2\/posts\/2797\/revisions"}],"predecessor-version":[{"id":2799,"href":"https:\/\/elveracruzano.vip\/index.php?rest_route=\/wp\/v2\/posts\/2797\/revisions\/2799"}],"wp:featuredmedia":[{"embeddable":true,"href":"https:\/\/elveracruzano.vip\/index.php?rest_route=\/wp\/v2\/media\/2798"}],"wp:attachment":[{"href":"https:\/\/elveracruzano.vip\/index.php?rest_route=%2Fwp%2Fv2%2Fmedia&parent=2797"}],"wp:term":[{"taxonomy":"category","embeddable":true,"href":"https:\/\/elveracruzano.vip\/index.php?rest_route=%2Fwp%2Fv2%2Fcategories&post=2797"},{"taxonomy":"post_tag","embeddable":true,"href":"https:\/\/elveracruzano.vip\/index.php?rest_route=%2Fwp%2Fv2%2Ftags&post=2797"}],"curies":[{"name":"wp","href":"https:\/\/api.w.org\/{rel}","templated":true}]}}