{"id":2777,"date":"2022-06-24T10:30:43","date_gmt":"2022-06-24T15:30:43","guid":{"rendered":"http:\/\/elveracruzano.vip\/?p=2777"},"modified":"2022-06-24T10:30:44","modified_gmt":"2022-06-24T15:30:44","slug":"participa-alcalde-amado-cruz-en-impulso-economico-de-la-region-sur","status":"publish","type":"post","link":"https:\/\/elveracruzano.vip\/?p=2777","title":{"rendered":"Participa alcalde Amado Cruz, en impulso econ\u00f3mico de la regi\u00f3n sur"},"content":{"rendered":"\n<p><strong>#Coatzacoalcos, #Ver<\/strong>.- El Presidente Municipal, Amado Cruz Malpica, particip\u00f3 en el programa piloto \u201cTaller de Inteligencia Colectiva: Creaci\u00f3n de Motores de Desarrollo de la Zona Coatzacoalcos, Minatitl\u00e1n, Agua Dulce, Cosoleacaque\u201d, cuya finalidad fue proporcionar un diagn\u00f3stico para impulsar la reactivaci\u00f3n econ\u00f3mica de la regi\u00f3n sur.<\/p>\n\n\n\n<p>\u201cNuestro reconocimiento al Secretario Enrique Nach\u00f3n Garc\u00eda por seguir dotando de herramientas al sur de Veracruz y as\u00ed lograr un fortalecimiento e integraci\u00f3n total al proyecto del Corredor Interoce\u00e1nico del Istmo de Tehuantepec\u201d, expres\u00f3 Cruz Malpica.<\/p>\n\n\n\n<p>Este taller fue organizado por la Secretar\u00eda de Desarrollo Econ\u00f3mico y Portuario del Estado de Veracruz, a cargo de Enrique Nach\u00f3n, avalado por la Gerencia Regional en M\u00e9xico y Centroam\u00e9rica del Banco de Desarrollo de Am\u00e9rica Latina, e impartido por el Dr. Eduardo Sojo Garza Aldape, Director del Laboratorio Nacional de Pol\u00edticas P\u00fablicas.<\/p>\n\n\n\n<p>\u201cDurante la sesi\u00f3n pudimos conocer los motores de desarrollo de nuestra ciudad, e identificar los que se est\u00e1n desacelerando o van en retroceso, es decir, identificar \u00e1reas de oportunidad que deben ser estimuladas a trav\u00e9s de pol\u00edticas p\u00fablicas y pol\u00edticas naturales\u201d, coment\u00f3 el Presidente Municipal.<\/p>\n\n\n\n<p><strong>#ElVeracruzanoVIP<\/strong><\/p>\n","protected":false},"excerpt":{"rendered":"<p>#Coatzacoalcos, #Ver.- El Presidente Municipal, Amado Cruz Malpica, particip\u00f3 en el programa piloto \u201cTaller de Inteligencia Colectiva: Creaci\u00f3n de Motores<\/p>\n","protected":false},"author":4,"featured_media":2778,"comment_status":"open","ping_status":"open","sticky":false,"template":"","format":"standard","meta":{"colormag_page_container_layout":"default_layout","colormag_page_sidebar_layout":"default_layout","rop_custom_images_group":[],"rop_custom_messages_group":[],"rop_publish_now":"initial","rop_publish_now_accounts":{"facebook_109133384920963_108472061465099":""},"rop_publish_now_history":[],"rop_publish_now_status":"pending","footnotes":""},"categories":[10],"tags":[78,37,17,26,20,18,19,21,23,22],"class_list":["post-2777","post","type-post","status-publish","format-standard","has-post-thumbnail","hentry","category-municipios","tag-amado-cruz-malpica","tag-coatzacoalcos","tag-cuitlahuac-garcia-jimenez","tag-el-veracruzano-vip","tag-enterate","tag-gobierno-del-estado-de-veracruz","tag-redes-sociales","tag-ultima-hora","tag-ultimas-noticias","tag-ultimo-minuto"],"_links":{"self":[{"href":"https:\/\/elveracruzano.vip\/index.php?rest_route=\/wp\/v2\/posts\/2777","targetHints":{"allow":["GET"]}}],"collection":[{"href":"https:\/\/elveracruzano.vip\/index.php?rest_route=\/wp\/v2\/posts"}],"about":[{"href":"https:\/\/elveracruzano.vip\/index.php?rest_route=\/wp\/v2\/types\/post"}],"author":[{"embeddable":true,"href":"https:\/\/elveracruzano.vip\/index.php?rest_route=\/wp\/v2\/users\/4"}],"replies":[{"embeddable":true,"href":"https:\/\/elveracruzano.vip\/index.php?rest_route=%2Fwp%2Fv2%2Fcomments&post=2777"}],"version-history":[{"count":1,"href":"https:\/\/elveracruzano.vip\/index.php?rest_route=\/wp\/v2\/posts\/2777\/revisions"}],"predecessor-version":[{"id":2779,"href":"https:\/\/elveracruzano.vip\/index.php?rest_route=\/wp\/v2\/posts\/2777\/revisions\/2779"}],"wp:featuredmedia":[{"embeddable":true,"href":"https:\/\/elveracruzano.vip\/index.php?rest_route=\/wp\/v2\/media\/2778"}],"wp:attachment":[{"href":"https:\/\/elveracruzano.vip\/index.php?rest_route=%2Fwp%2Fv2%2Fmedia&parent=2777"}],"wp:term":[{"taxonomy":"category","embeddable":true,"href":"https:\/\/elveracruzano.vip\/index.php?rest_route=%2Fwp%2Fv2%2Fcategories&post=2777"},{"taxonomy":"post_tag","embeddable":true,"href":"https:\/\/elveracruzano.vip\/index.php?rest_route=%2Fwp%2Fv2%2Ftags&post=2777"}],"curies":[{"name":"wp","href":"https:\/\/api.w.org\/{rel}","templated":true}]}}