{"id":2774,"date":"2022-06-24T10:28:55","date_gmt":"2022-06-24T15:28:55","guid":{"rendered":"http:\/\/elveracruzano.vip\/?p=2774"},"modified":"2022-06-24T10:28:56","modified_gmt":"2022-06-24T15:28:56","slug":"continuan-cursos-de-educacion-vial-en-escuelas-de-minatitlan","status":"publish","type":"post","link":"https:\/\/elveracruzano.vip\/?p=2774","title":{"rendered":"Contin\u00faan cursos de \u00abEducaci\u00f3n Vial\u00bb en escuelas de Minatitl\u00e1n"},"content":{"rendered":"\n<p><strong>#Minatitl\u00e1n, #Ver<\/strong>. \u2013 Con el objetivo de fomentar una cultura vial que sirva para proteger la integridad de los alumnos, el Ayuntamiento de Minatitl\u00e1n a trav\u00e9s de la Jefatura de Tr\u00e1nsito y Vialidad realizaron un taller de \u201cSeguridad Vial\u201d en la escuela Secundaria T\u00e9cnica Industrial n\u00famero 158.<\/p>\n\n\n\n<p>De esta forma la presidenta municipal Carmen Medel Palma, ha dado instrucciones de impartir talleres a los alumnos de las diferentes instituciones educativas con la intenci\u00f3n de disminuir incidentes, crear conciencia y responsabilidad al momento de transitar por las diversas vialidades del municipio.<\/p>\n\n\n\n<p>En esta actividad, las autoridades se enfocaron en brindar a los adolescentes el conocimiento adecuado para conducirse en la v\u00eda p\u00fablica como cruzar la calle y las medidas preventivas que deben hacer en los pasos peatonales.<\/p>\n\n\n\n<p>Por medio de juegos, din\u00e1micas es como explicaron cu\u00e1l es la funci\u00f3n de los sem\u00e1foros, y la clasificaci\u00f3n de los se\u00f1alamientos viales que se encuentran en diferentes calles del municipio.<\/p>\n\n\n\n<p><strong>#ElVeracruzanoVIP<\/strong><\/p>\n","protected":false},"excerpt":{"rendered":"<p>#Minatitl\u00e1n, #Ver. \u2013 Con el objetivo de fomentar una cultura vial que sirva para proteger la integridad de los alumnos,<\/p>\n","protected":false},"author":4,"featured_media":2775,"comment_status":"open","ping_status":"open","sticky":false,"template":"","format":"standard","meta":{"colormag_page_container_layout":"default_layout","colormag_page_sidebar_layout":"default_layout","rop_custom_images_group":[],"rop_custom_messages_group":[],"rop_publish_now":"initial","rop_publish_now_accounts":{"facebook_109133384920963_108472061465099":""},"rop_publish_now_history":[],"rop_publish_now_status":"pending","footnotes":""},"categories":[8],"tags":[80,17,26,20,18,39,19,21,23,22],"class_list":["post-2774","post","type-post","status-publish","format-standard","has-post-thumbnail","hentry","category-alcaldesas","tag-carmen-medel-palma","tag-cuitlahuac-garcia-jimenez","tag-el-veracruzano-vip","tag-enterate","tag-gobierno-del-estado-de-veracruz","tag-minatitlan","tag-redes-sociales","tag-ultima-hora","tag-ultimas-noticias","tag-ultimo-minuto"],"_links":{"self":[{"href":"https:\/\/elveracruzano.vip\/index.php?rest_route=\/wp\/v2\/posts\/2774","targetHints":{"allow":["GET"]}}],"collection":[{"href":"https:\/\/elveracruzano.vip\/index.php?rest_route=\/wp\/v2\/posts"}],"about":[{"href":"https:\/\/elveracruzano.vip\/index.php?rest_route=\/wp\/v2\/types\/post"}],"author":[{"embeddable":true,"href":"https:\/\/elveracruzano.vip\/index.php?rest_route=\/wp\/v2\/users\/4"}],"replies":[{"embeddable":true,"href":"https:\/\/elveracruzano.vip\/index.php?rest_route=%2Fwp%2Fv2%2Fcomments&post=2774"}],"version-history":[{"count":1,"href":"https:\/\/elveracruzano.vip\/index.php?rest_route=\/wp\/v2\/posts\/2774\/revisions"}],"predecessor-version":[{"id":2776,"href":"https:\/\/elveracruzano.vip\/index.php?rest_route=\/wp\/v2\/posts\/2774\/revisions\/2776"}],"wp:featuredmedia":[{"embeddable":true,"href":"https:\/\/elveracruzano.vip\/index.php?rest_route=\/wp\/v2\/media\/2775"}],"wp:attachment":[{"href":"https:\/\/elveracruzano.vip\/index.php?rest_route=%2Fwp%2Fv2%2Fmedia&parent=2774"}],"wp:term":[{"taxonomy":"category","embeddable":true,"href":"https:\/\/elveracruzano.vip\/index.php?rest_route=%2Fwp%2Fv2%2Fcategories&post=2774"},{"taxonomy":"post_tag","embeddable":true,"href":"https:\/\/elveracruzano.vip\/index.php?rest_route=%2Fwp%2Fv2%2Ftags&post=2774"}],"curies":[{"name":"wp","href":"https:\/\/api.w.org\/{rel}","templated":true}]}}