{"id":2771,"date":"2022-06-24T10:27:16","date_gmt":"2022-06-24T15:27:16","guid":{"rendered":"http:\/\/elveracruzano.vip\/?p=2771"},"modified":"2022-06-24T10:27:16","modified_gmt":"2022-06-24T15:27:16","slug":"beneficia-cordoba-a-500-productores-con-entrega-de-semillas-de-frijol-maiz-y-cal-agricola","status":"publish","type":"post","link":"https:\/\/elveracruzano.vip\/?p=2771","title":{"rendered":"Beneficia C\u00f3rdoba a 500 productores con entrega de semillas de frijol, ma\u00edz y cal agr\u00edcola"},"content":{"rendered":"\n<p><strong>#C\u00f3rdba, #Ver<\/strong>.- La Direcci\u00f3n de Desarrollo Econ\u00f3mico a trav\u00e9s de la Jefatura de Fomento Agropecuario, beneficiar\u00e1 a 500 productores de la zona de Miguel Aguilar y de la Sierra del Gallego, con la entrega de semillas de ma\u00edz y frijol, as\u00ed como cal agr\u00edcola.<\/p>\n\n\n\n<p>El Jefe de Fomento Agropecuario, Eduardo Campos Ramos, dijo que como parte del compromiso que se gener\u00f3 hace unos meses, con el apoyo del Presidente, Juan Mart\u00ednez Flores, y de los ediles que aprobaron la inversi\u00f3n para este apoyo. \u00abCon el apoyo del Cabildo logramos contar con el material para poderlo aplicar en las comunidades y no solo dependan del caf\u00e9\u00bb, dijo.<\/p>\n\n\n\n<p>Durante esta entrega han estado presentes el Regidor primero, que preside la comisi\u00f3n de Fomento Agropecuario, Daniel V\u00e1zquez Hern\u00e1ndez; el Regidor quinto, Jonathan Rosas Blanco y el Regidor noveno, Eduardo Mondrag\u00f3n Hern\u00e1ndez, as\u00ed como la Directora de Desarrollo Econ\u00f3mico, Roc\u00edo Jim\u00e9nez Yunes.<\/p>\n\n\n\n<p>En la Sierra del Gallego, el beneficio ser\u00e1 para 300 productores pertenecientes a las once comunidades que integran esta zona, quienes est\u00e1n recibiendo cal agr\u00edcola y semilla de ma\u00edz; la primera entrega se realiz\u00f3 en las comunidades de El Baj\u00edo y Tinajitas.<\/p>\n\n\n\n<p><strong>#ElVeracruzanoVIP<\/strong><\/p>\n","protected":false},"excerpt":{"rendered":"<p>#C\u00f3rdba, #Ver.- La Direcci\u00f3n de Desarrollo Econ\u00f3mico a trav\u00e9s de la Jefatura de Fomento Agropecuario, beneficiar\u00e1 a 500 productores de<\/p>\n","protected":false},"author":4,"featured_media":2772,"comment_status":"open","ping_status":"open","sticky":false,"template":"","format":"standard","meta":{"colormag_page_container_layout":"default_layout","colormag_page_sidebar_layout":"default_layout","rop_custom_images_group":[],"rop_custom_messages_group":[],"rop_publish_now":"initial","rop_publish_now_accounts":{"facebook_109133384920963_108472061465099":""},"rop_publish_now_history":[],"rop_publish_now_status":"pending","footnotes":""},"categories":[11],"tags":[36,17,82,26,20,18,66,19,21,23,22],"class_list":["post-2771","post","type-post","status-publish","format-standard","has-post-thumbnail","hentry","category-municipios-destacados","tag-cordoba","tag-cuitlahuac-garcia-jimenez","tag-dif-cordoba","tag-el-veracruzano-vip","tag-enterate","tag-gobierno-del-estado-de-veracruz","tag-juan-martinez-flores","tag-redes-sociales","tag-ultima-hora","tag-ultimas-noticias","tag-ultimo-minuto"],"_links":{"self":[{"href":"https:\/\/elveracruzano.vip\/index.php?rest_route=\/wp\/v2\/posts\/2771","targetHints":{"allow":["GET"]}}],"collection":[{"href":"https:\/\/elveracruzano.vip\/index.php?rest_route=\/wp\/v2\/posts"}],"about":[{"href":"https:\/\/elveracruzano.vip\/index.php?rest_route=\/wp\/v2\/types\/post"}],"author":[{"embeddable":true,"href":"https:\/\/elveracruzano.vip\/index.php?rest_route=\/wp\/v2\/users\/4"}],"replies":[{"embeddable":true,"href":"https:\/\/elveracruzano.vip\/index.php?rest_route=%2Fwp%2Fv2%2Fcomments&post=2771"}],"version-history":[{"count":1,"href":"https:\/\/elveracruzano.vip\/index.php?rest_route=\/wp\/v2\/posts\/2771\/revisions"}],"predecessor-version":[{"id":2773,"href":"https:\/\/elveracruzano.vip\/index.php?rest_route=\/wp\/v2\/posts\/2771\/revisions\/2773"}],"wp:featuredmedia":[{"embeddable":true,"href":"https:\/\/elveracruzano.vip\/index.php?rest_route=\/wp\/v2\/media\/2772"}],"wp:attachment":[{"href":"https:\/\/elveracruzano.vip\/index.php?rest_route=%2Fwp%2Fv2%2Fmedia&parent=2771"}],"wp:term":[{"taxonomy":"category","embeddable":true,"href":"https:\/\/elveracruzano.vip\/index.php?rest_route=%2Fwp%2Fv2%2Fcategories&post=2771"},{"taxonomy":"post_tag","embeddable":true,"href":"https:\/\/elveracruzano.vip\/index.php?rest_route=%2Fwp%2Fv2%2Ftags&post=2771"}],"curies":[{"name":"wp","href":"https:\/\/api.w.org\/{rel}","templated":true}]}}