{"id":2728,"date":"2022-06-20T10:32:52","date_gmt":"2022-06-20T15:32:52","guid":{"rendered":"http:\/\/elveracruzano.vip\/?p=2728"},"modified":"2022-06-20T10:32:52","modified_gmt":"2022-06-20T15:32:52","slug":"realiza-minatitlan-primer-conteo-de-votos-de-candidatos-a-reyes-del-carnaval","status":"publish","type":"post","link":"https:\/\/elveracruzano.vip\/?p=2728","title":{"rendered":"Realiza Minatitl\u00e1n primer conteo de votos de candidatos a reyes del Carnaval"},"content":{"rendered":"\n<p><strong>#Minatitl\u00e1n, #Ver<\/strong>. &#8211; Lucero Yadira Rosain del distintivo amarillo y Francisco Javier Tadeo del color verde, fueron los ganadores del primer conteo de votos que se realiz\u00f3 este fin de semana, como parte del proceso de selecci\u00f3n de la corte real de las fiestas carnestolendas.<\/p>\n\n\n\n<p>Ante la presencia de autoridades, el comit\u00e9 organizador convoc\u00f3 a todos los participantes, d\u00f3nde uno a uno entreg\u00f3 la cantidad de votos que hab\u00edan recolectado entre la poblaci\u00f3n.<\/p>\n\n\n\n<p>Dicho proceso se realiz\u00f3 en completa transparencia, d\u00f3nde todos estuvieron conformes con los resultados, que no son definitivos.<\/p>\n\n\n\n<p>En el caso de las candidatas a reina del carnaval, el segundo lugar fue para Stefanny Le\u00f3n Zilli \u00abAnylezi\u00bb del distintivo Blanco; el tercer lugar para Aylin del Carmen Amor Abrajan del distintivo Rosa Fiusha; y Mirhy Astrid Rangel Rangel del distintivo Rojo cuarto lugar.<\/p>\n\n\n\n<p>Los candidatos a reyes, quedaron de la sigues forma: el segundo lugar para Roberto Toledo Vaughan del distintivo rojo; tercer lugar para Juan Emmanuel Nu\u00f1ez Alonso \u00abEl Cuervo\u00bb del distintivo Naranja; cuarto lugar para Daniel Mathey del color Amarillo; quinto lugar para Christian Alexis Barrag\u00e1n del distintivo Rosa Fiusha; sexto lugar para Carlos Fernando Caama\u00f1o del distintivo Blanco; y Flavio Armando D\u00edaz del disntitivo Azul, sexto lugar.<\/p>\n\n\n\n<p><strong>#ElVeracruzanoVIP<\/strong><\/p>\n","protected":false},"excerpt":{"rendered":"<p>#Minatitl\u00e1n, #Ver. &#8211; Lucero Yadira Rosain del distintivo amarillo y Francisco Javier Tadeo del color verde, fueron los ganadores del<\/p>\n","protected":false},"author":4,"featured_media":2729,"comment_status":"open","ping_status":"open","sticky":false,"template":"","format":"standard","meta":{"colormag_page_container_layout":"default_layout","colormag_page_sidebar_layout":"default_layout","rop_custom_images_group":[],"rop_custom_messages_group":[],"rop_publish_now":"initial","rop_publish_now_accounts":{"facebook_109133384920963_108472061465099":""},"rop_publish_now_history":[],"rop_publish_now_status":"pending","footnotes":""},"categories":[8],"tags":[80,17,26,20,18,39,19,21,23,22],"class_list":["post-2728","post","type-post","status-publish","format-standard","has-post-thumbnail","hentry","category-alcaldesas","tag-carmen-medel-palma","tag-cuitlahuac-garcia-jimenez","tag-el-veracruzano-vip","tag-enterate","tag-gobierno-del-estado-de-veracruz","tag-minatitlan","tag-redes-sociales","tag-ultima-hora","tag-ultimas-noticias","tag-ultimo-minuto"],"_links":{"self":[{"href":"https:\/\/elveracruzano.vip\/index.php?rest_route=\/wp\/v2\/posts\/2728","targetHints":{"allow":["GET"]}}],"collection":[{"href":"https:\/\/elveracruzano.vip\/index.php?rest_route=\/wp\/v2\/posts"}],"about":[{"href":"https:\/\/elveracruzano.vip\/index.php?rest_route=\/wp\/v2\/types\/post"}],"author":[{"embeddable":true,"href":"https:\/\/elveracruzano.vip\/index.php?rest_route=\/wp\/v2\/users\/4"}],"replies":[{"embeddable":true,"href":"https:\/\/elveracruzano.vip\/index.php?rest_route=%2Fwp%2Fv2%2Fcomments&post=2728"}],"version-history":[{"count":1,"href":"https:\/\/elveracruzano.vip\/index.php?rest_route=\/wp\/v2\/posts\/2728\/revisions"}],"predecessor-version":[{"id":2730,"href":"https:\/\/elveracruzano.vip\/index.php?rest_route=\/wp\/v2\/posts\/2728\/revisions\/2730"}],"wp:featuredmedia":[{"embeddable":true,"href":"https:\/\/elveracruzano.vip\/index.php?rest_route=\/wp\/v2\/media\/2729"}],"wp:attachment":[{"href":"https:\/\/elveracruzano.vip\/index.php?rest_route=%2Fwp%2Fv2%2Fmedia&parent=2728"}],"wp:term":[{"taxonomy":"category","embeddable":true,"href":"https:\/\/elveracruzano.vip\/index.php?rest_route=%2Fwp%2Fv2%2Fcategories&post=2728"},{"taxonomy":"post_tag","embeddable":true,"href":"https:\/\/elveracruzano.vip\/index.php?rest_route=%2Fwp%2Fv2%2Ftags&post=2728"}],"curies":[{"name":"wp","href":"https:\/\/api.w.org\/{rel}","templated":true}]}}