{"id":2711,"date":"2022-06-20T14:16:00","date_gmt":"2022-06-20T19:16:00","guid":{"rendered":"http:\/\/elveracruzano.vip\/?p=2711"},"modified":"2022-06-20T10:17:48","modified_gmt":"2022-06-20T15:17:48","slug":"gobiernos-de-la-4t-retribuyen-al-campo-abaten-20-anos-de-rezago-patrimonial","status":"publish","type":"post","link":"https:\/\/elveracruzano.vip\/?p=2711","title":{"rendered":"Gobiernos de la 4T retribuyen al campo; abaten 20 a\u00f1os de rezago patrimonial"},"content":{"rendered":"\n<p><strong>#Actopan, #Ver<\/strong>.- Con la cesi\u00f3n de t\u00edtulos parcelarios en El Higo, \u00darsulo Galv\u00e1n, Tierra Blanca y Actopan, la Cuarta Transformaci\u00f3n ha impuesto r\u00e9cord al abatir el rezago y los abusos contra el sector agrario, destac\u00f3 el gobernador Cuitl\u00e1huac Garc\u00eda Jim\u00e9nez durante la entrega de 611 documentos este viernes.<\/p>\n\n\n\n<p>\u201cA la llegada del presidente Andr\u00e9s Manuel L\u00f3pez Obrador, la instrucci\u00f3n fue dotar a la gente del campo de certeza jur\u00eddica, como dicen los abogados, el papelito que habla y sea un patrimonio de la gente y la comunidad\u201d, expres\u00f3 el mandatario en presencia de habitantes de 27 ejidos.<\/p>\n\n\n\n<p>La Campa\u00f1a Nacional de Entrega de Documentos Agrarios, encomendada a la Procuradur\u00eda Agraria y el Registro Agrario Nacional (RAN), subsana 20 a\u00f1os de atraso en la gesti\u00f3n; hoy en Actopan fueron otorgados certificados parcelarios y t\u00edtulos de propiedad a 465 ejidatarios, entre ellos 135 mujeres.<\/p>\n\n\n\n<p>En representaci\u00f3n de los beneficiarios recibieron David Hern\u00e1ndez P\u00e9rez, de Soyacuautla; Ang\u00e9lica Mu\u00f1iz Aguilar, Palmas de Arriba; Marina Acosta Quiroz, de General Pinz\u00f3n antes Santa Rosa; Lorena Salazar Palmeros, Otates, y Ricardo Dom\u00ednguez Le\u00f3n, de Coyolillo.<\/p>\n\n\n\n<p><strong>#ElVeracruzanoVIP<\/strong><\/p>\n","protected":false},"excerpt":{"rendered":"<p>#Actopan, #Ver.- Con la cesi\u00f3n de t\u00edtulos parcelarios en El Higo, \u00darsulo Galv\u00e1n, Tierra Blanca y Actopan, la Cuarta Transformaci\u00f3n<\/p>\n","protected":false},"author":4,"featured_media":2712,"comment_status":"open","ping_status":"open","sticky":false,"template":"","format":"standard","meta":{"colormag_page_container_layout":"default_layout","colormag_page_sidebar_layout":"default_layout","rop_custom_images_group":[],"rop_custom_messages_group":[],"rop_publish_now":"initial","rop_publish_now_accounts":{"facebook_109133384920963_108472061465099":""},"rop_publish_now_history":[],"rop_publish_now_status":"pending","footnotes":""},"categories":[14],"tags":[17,26,20,18,19,84,21,23,22],"class_list":["post-2711","post","type-post","status-publish","format-standard","has-post-thumbnail","hentry","category-secretarias","tag-cuitlahuac-garcia-jimenez","tag-el-veracruzano-vip","tag-enterate","tag-gobierno-del-estado-de-veracruz","tag-redes-sociales","tag-secretaria-de-proteccion-civil-del-estado-de-veracruz","tag-ultima-hora","tag-ultimas-noticias","tag-ultimo-minuto"],"_links":{"self":[{"href":"https:\/\/elveracruzano.vip\/index.php?rest_route=\/wp\/v2\/posts\/2711","targetHints":{"allow":["GET"]}}],"collection":[{"href":"https:\/\/elveracruzano.vip\/index.php?rest_route=\/wp\/v2\/posts"}],"about":[{"href":"https:\/\/elveracruzano.vip\/index.php?rest_route=\/wp\/v2\/types\/post"}],"author":[{"embeddable":true,"href":"https:\/\/elveracruzano.vip\/index.php?rest_route=\/wp\/v2\/users\/4"}],"replies":[{"embeddable":true,"href":"https:\/\/elveracruzano.vip\/index.php?rest_route=%2Fwp%2Fv2%2Fcomments&post=2711"}],"version-history":[{"count":1,"href":"https:\/\/elveracruzano.vip\/index.php?rest_route=\/wp\/v2\/posts\/2711\/revisions"}],"predecessor-version":[{"id":2713,"href":"https:\/\/elveracruzano.vip\/index.php?rest_route=\/wp\/v2\/posts\/2711\/revisions\/2713"}],"wp:featuredmedia":[{"embeddable":true,"href":"https:\/\/elveracruzano.vip\/index.php?rest_route=\/wp\/v2\/media\/2712"}],"wp:attachment":[{"href":"https:\/\/elveracruzano.vip\/index.php?rest_route=%2Fwp%2Fv2%2Fmedia&parent=2711"}],"wp:term":[{"taxonomy":"category","embeddable":true,"href":"https:\/\/elveracruzano.vip\/index.php?rest_route=%2Fwp%2Fv2%2Fcategories&post=2711"},{"taxonomy":"post_tag","embeddable":true,"href":"https:\/\/elveracruzano.vip\/index.php?rest_route=%2Fwp%2Fv2%2Ftags&post=2711"}],"curies":[{"name":"wp","href":"https:\/\/api.w.org\/{rel}","templated":true}]}}