{"id":2708,"date":"2022-06-20T10:16:10","date_gmt":"2022-06-20T15:16:10","guid":{"rendered":"http:\/\/elveracruzano.vip\/?p=2708"},"modified":"2022-06-20T10:16:11","modified_gmt":"2022-06-20T15:16:11","slug":"expo-feria-educativa-region-olmeca-reunio-a-mas-de-10-mil-jovenes-sev","status":"publish","type":"post","link":"https:\/\/elveracruzano.vip\/?p=2708","title":{"rendered":"Expo Feria Educativa Regi\u00f3n Olmeca reuni\u00f3 a m\u00e1s de 10 mil j\u00f3venes: SEV"},"content":{"rendered":"\n<p><strong>#Coatzacoalcos, #Ver<\/strong>.- Aproximadamente 10 mil j\u00f3venes se congregaron en la quinta Expo Feria Educativa 2022 Regi\u00f3n Olmeca, a trav\u00e9s de las sedes de Uxpanapa, Las Choapas, Acayucan y en el Instituto Tecnol\u00f3gico Superior de Coatzacoalcos (ITESCO), para conocer la oferta acad\u00e9mica a la que pueden acceder. Dicha estrategia es dise\u00f1ada por la Secretar\u00eda de Educaci\u00f3n de Veracruz (SEV), a trav\u00e9s de la Subsecretar\u00eda de Educaci\u00f3n Media Superior y Superior (SEMSyS) en busca del rechazo cero.\u00a0<\/p>\n\n\n\n<p>A la fecha, como resultado de las ferias educativas y de la plataforma informativa Programa Estatal de Oferta Educativa (PEOE) han asistido m\u00e1s de 35 mil personas, se han dado a conocer m\u00e1s de 138 proyectos productivos, m\u00e1s de mil 900 j\u00f3venes han realizado actividades deportivas y se han presentado 116 grupos art\u00edsticos. Alcanzado as\u00ed, una ocupaci\u00f3n de 12 mil espacios de estudio.&nbsp;<\/p>\n\n\n\n<p>Del mismo modo, la realizaci\u00f3n de jornadas de activismo comunitario denominadas Magtayani (ayuda), mediante las cuales se ha hecho esterilizaciones masivas de animales, visitas a casas de reposo, donaci\u00f3n de cuentos infantiles, profilaxis gratuitas y la recolecci\u00f3n de alrededor de 4.5 toneladas de tereftalato de polietileno (PET).<\/p>\n\n\n\n<p>En ceremonia de inauguraci\u00f3n y previo a su Conferencia Magistral, el titular de la SEV, Zenyazen Escobar Garc\u00eda, reiter\u00f3 el compromiso con la educaci\u00f3n al incrementar el presupuesto para infraestructura educativa en 500 millones de pesos, superando los mil millones a ejercer en este a\u00f1o y subray\u00f3 que parece una utop\u00eda conseguir el rechazo cero, pero \u201ctambi\u00e9n lo era transformar el pa\u00eds y lo estamos logrando\u201d.<\/p>\n\n\n\n<p><strong>#ElVeracruzanoVIP<\/strong><\/p>\n","protected":false},"excerpt":{"rendered":"<p>#Coatzacoalcos, #Ver.- Aproximadamente 10 mil j\u00f3venes se congregaron en la quinta Expo Feria Educativa 2022 Regi\u00f3n Olmeca, a trav\u00e9s de<\/p>\n","protected":false},"author":4,"featured_media":2709,"comment_status":"open","ping_status":"open","sticky":false,"template":"","format":"standard","meta":{"colormag_page_container_layout":"default_layout","colormag_page_sidebar_layout":"default_layout","rop_custom_images_group":[],"rop_custom_messages_group":[],"rop_publish_now":"initial","rop_publish_now_accounts":{"facebook_109133384920963_108472061465099":""},"rop_publish_now_history":[],"rop_publish_now_status":"pending","footnotes":""},"categories":[13],"tags":[17,26,20,18,19,84,21,23,22],"class_list":["post-2708","post","type-post","status-publish","format-standard","has-post-thumbnail","hentry","category-principales","tag-cuitlahuac-garcia-jimenez","tag-el-veracruzano-vip","tag-enterate","tag-gobierno-del-estado-de-veracruz","tag-redes-sociales","tag-secretaria-de-proteccion-civil-del-estado-de-veracruz","tag-ultima-hora","tag-ultimas-noticias","tag-ultimo-minuto"],"_links":{"self":[{"href":"https:\/\/elveracruzano.vip\/index.php?rest_route=\/wp\/v2\/posts\/2708","targetHints":{"allow":["GET"]}}],"collection":[{"href":"https:\/\/elveracruzano.vip\/index.php?rest_route=\/wp\/v2\/posts"}],"about":[{"href":"https:\/\/elveracruzano.vip\/index.php?rest_route=\/wp\/v2\/types\/post"}],"author":[{"embeddable":true,"href":"https:\/\/elveracruzano.vip\/index.php?rest_route=\/wp\/v2\/users\/4"}],"replies":[{"embeddable":true,"href":"https:\/\/elveracruzano.vip\/index.php?rest_route=%2Fwp%2Fv2%2Fcomments&post=2708"}],"version-history":[{"count":1,"href":"https:\/\/elveracruzano.vip\/index.php?rest_route=\/wp\/v2\/posts\/2708\/revisions"}],"predecessor-version":[{"id":2710,"href":"https:\/\/elveracruzano.vip\/index.php?rest_route=\/wp\/v2\/posts\/2708\/revisions\/2710"}],"wp:featuredmedia":[{"embeddable":true,"href":"https:\/\/elveracruzano.vip\/index.php?rest_route=\/wp\/v2\/media\/2709"}],"wp:attachment":[{"href":"https:\/\/elveracruzano.vip\/index.php?rest_route=%2Fwp%2Fv2%2Fmedia&parent=2708"}],"wp:term":[{"taxonomy":"category","embeddable":true,"href":"https:\/\/elveracruzano.vip\/index.php?rest_route=%2Fwp%2Fv2%2Fcategories&post=2708"},{"taxonomy":"post_tag","embeddable":true,"href":"https:\/\/elveracruzano.vip\/index.php?rest_route=%2Fwp%2Fv2%2Ftags&post=2708"}],"curies":[{"name":"wp","href":"https:\/\/api.w.org\/{rel}","templated":true}]}}