{"id":2704,"date":"2022-06-15T11:27:53","date_gmt":"2022-06-15T16:27:53","guid":{"rendered":"http:\/\/elveracruzano.vip\/?p=2704"},"modified":"2022-06-15T11:27:53","modified_gmt":"2022-06-15T16:27:53","slug":"charla-virtual-maximiliano-y-carlota-en-el-castillo-imperial-de-chapultepec","status":"publish","type":"post","link":"https:\/\/elveracruzano.vip\/?p=2704","title":{"rendered":"Charla virtual: Maximiliano y Carlota en el Castillo Imperial de Chapultepec"},"content":{"rendered":"\n<p><strong>#Eventos<\/strong>.- Con: Amparo G\u00f3mez Tepexicuapan, historiadora, responsable de la curadur\u00eda de documentos hist\u00f3ricos y banderas del Museo Nacional de Historia<\/p>\n\n\n\n<p>Conduce: Juan Ram\u00f3n Sandoval, promotor e investigador de Sopromusic<\/p>\n\n\n\n<p>La maestra Amapro G\u00f3mez contar\u00e1 situaciones y momentos especiales en la vida de la pareja imperial en su estancia en el Castillo Imperial de Chapultepec (Miravalle). Adem\u00e1s se presentar\u00e1n algunas obras dedicadas al emperador y se hablar\u00e1 de algunos m\u00fasicos extranjeros que formaron parte de la corte mexicana.<\/p>\n\n\n\n<p><strong>#ElVeracruzanoVIP<\/strong><\/p>\n","protected":false},"excerpt":{"rendered":"<p>#Eventos.- Con: Amparo G\u00f3mez Tepexicuapan, historiadora, responsable de la curadur\u00eda de documentos hist\u00f3ricos y banderas del Museo Nacional de Historia<\/p>\n","protected":false},"author":4,"featured_media":2705,"comment_status":"open","ping_status":"open","sticky":false,"template":"","format":"standard","meta":{"colormag_page_container_layout":"default_layout","colormag_page_sidebar_layout":"default_layout","rop_custom_images_group":[],"rop_custom_messages_group":[],"rop_publish_now":"initial","rop_publish_now_accounts":{"facebook_109133384920963_108472061465099":""},"rop_publish_now_history":[],"rop_publish_now_status":"pending","footnotes":""},"categories":[9],"tags":[26,20,18,19,21,23,22],"class_list":["post-2704","post","type-post","status-publish","format-standard","has-post-thumbnail","hentry","category-eventos-especiales","tag-el-veracruzano-vip","tag-enterate","tag-gobierno-del-estado-de-veracruz","tag-redes-sociales","tag-ultima-hora","tag-ultimas-noticias","tag-ultimo-minuto"],"_links":{"self":[{"href":"https:\/\/elveracruzano.vip\/index.php?rest_route=\/wp\/v2\/posts\/2704","targetHints":{"allow":["GET"]}}],"collection":[{"href":"https:\/\/elveracruzano.vip\/index.php?rest_route=\/wp\/v2\/posts"}],"about":[{"href":"https:\/\/elveracruzano.vip\/index.php?rest_route=\/wp\/v2\/types\/post"}],"author":[{"embeddable":true,"href":"https:\/\/elveracruzano.vip\/index.php?rest_route=\/wp\/v2\/users\/4"}],"replies":[{"embeddable":true,"href":"https:\/\/elveracruzano.vip\/index.php?rest_route=%2Fwp%2Fv2%2Fcomments&post=2704"}],"version-history":[{"count":1,"href":"https:\/\/elveracruzano.vip\/index.php?rest_route=\/wp\/v2\/posts\/2704\/revisions"}],"predecessor-version":[{"id":2706,"href":"https:\/\/elveracruzano.vip\/index.php?rest_route=\/wp\/v2\/posts\/2704\/revisions\/2706"}],"wp:featuredmedia":[{"embeddable":true,"href":"https:\/\/elveracruzano.vip\/index.php?rest_route=\/wp\/v2\/media\/2705"}],"wp:attachment":[{"href":"https:\/\/elveracruzano.vip\/index.php?rest_route=%2Fwp%2Fv2%2Fmedia&parent=2704"}],"wp:term":[{"taxonomy":"category","embeddable":true,"href":"https:\/\/elveracruzano.vip\/index.php?rest_route=%2Fwp%2Fv2%2Fcategories&post=2704"},{"taxonomy":"post_tag","embeddable":true,"href":"https:\/\/elveracruzano.vip\/index.php?rest_route=%2Fwp%2Fv2%2Ftags&post=2704"}],"curies":[{"name":"wp","href":"https:\/\/api.w.org\/{rel}","templated":true}]}}