{"id":2701,"date":"2022-06-15T11:26:50","date_gmt":"2022-06-15T16:26:50","guid":{"rendered":"http:\/\/elveracruzano.vip\/?p=2701"},"modified":"2022-06-15T11:26:51","modified_gmt":"2022-06-15T16:26:51","slug":"suscribe-alcaldesa-patricia-lobeira-de-yunes-compromisos-de-la-declaracion-de-venecia","status":"publish","type":"post","link":"https:\/\/elveracruzano.vip\/?p=2701","title":{"rendered":"Suscribe alcaldesa Patricia Lobeira de Yunes compromisos de la Declaraci\u00f3n de Venecia"},"content":{"rendered":"\n<p><strong>#Veracruz, #Ver.<\/strong>&#8211; La alcaldesa de Veracruz, Patricia Lobeira de Yunes, firm\u00f3 este d\u00eda el documento de la Declaraci\u00f3n de Venecia durante una ceremonia realizada en el Senado de la Rep\u00fablica, con el cual suscribi\u00f3 compromisos para trabajar por un mejor desarrollo econ\u00f3mico, social y urbano de Veracruz, teniendo como eje principal a la familia.<\/p>\n\n\n\n<p>En presencia de alcaldes veracruzanos, la senadora Indira Rosales San Rom\u00e1n y el director del Instituto de An\u00e1lisis de Pol\u00edtica Familiar, Juan Antonio L\u00f3pez Baljarg, la Mun\u00edcipe porte\u00f1a afirm\u00f3 que, junto con sus hom\u00f3logos, se compromete a que el crecimiento de las ciudades vaya encaminado a un desarrollo sostenible, sustentable, sobre todo, con perspectiva familiar; \u201csolo as\u00ed lograremos una mejora sustancial de la sociedad\u201d.<\/p>\n\n\n\n<p>Del mismo modo, subray\u00f3 que las autoridades municipales deben trabajar para que se brinde a las familias la seguridad que necesitan en cuanto a vivienda, desarrollo integral y social. \u201cSi uno pone a la familia en el centro de todas nuestras pol\u00edticas p\u00fablicas, podemos lograr un cambio muy grande en nuestras sociedades\u201d.<\/p>\n\n\n\n<p><strong>#ElVeracruzanoVIP<\/strong><\/p>\n","protected":false},"excerpt":{"rendered":"<p>#Veracruz, #Ver.&#8211; La alcaldesa de Veracruz, Patricia Lobeira de Yunes, firm\u00f3 este d\u00eda el documento de la Declaraci\u00f3n de Venecia<\/p>\n","protected":false},"author":4,"featured_media":2702,"comment_status":"open","ping_status":"open","sticky":false,"template":"","format":"standard","meta":{"colormag_page_container_layout":"default_layout","colormag_page_sidebar_layout":"default_layout","rop_custom_images_group":[],"rop_custom_messages_group":[],"rop_publish_now":"initial","rop_publish_now_accounts":{"facebook_109133384920963_108472061465099":""},"rop_publish_now_history":[],"rop_publish_now_status":"pending","footnotes":""},"categories":[8],"tags":[17,26,20,18,19,21,23,22],"class_list":["post-2701","post","type-post","status-publish","format-standard","has-post-thumbnail","hentry","category-alcaldesas","tag-cuitlahuac-garcia-jimenez","tag-el-veracruzano-vip","tag-enterate","tag-gobierno-del-estado-de-veracruz","tag-redes-sociales","tag-ultima-hora","tag-ultimas-noticias","tag-ultimo-minuto"],"_links":{"self":[{"href":"https:\/\/elveracruzano.vip\/index.php?rest_route=\/wp\/v2\/posts\/2701","targetHints":{"allow":["GET"]}}],"collection":[{"href":"https:\/\/elveracruzano.vip\/index.php?rest_route=\/wp\/v2\/posts"}],"about":[{"href":"https:\/\/elveracruzano.vip\/index.php?rest_route=\/wp\/v2\/types\/post"}],"author":[{"embeddable":true,"href":"https:\/\/elveracruzano.vip\/index.php?rest_route=\/wp\/v2\/users\/4"}],"replies":[{"embeddable":true,"href":"https:\/\/elveracruzano.vip\/index.php?rest_route=%2Fwp%2Fv2%2Fcomments&post=2701"}],"version-history":[{"count":1,"href":"https:\/\/elveracruzano.vip\/index.php?rest_route=\/wp\/v2\/posts\/2701\/revisions"}],"predecessor-version":[{"id":2703,"href":"https:\/\/elveracruzano.vip\/index.php?rest_route=\/wp\/v2\/posts\/2701\/revisions\/2703"}],"wp:featuredmedia":[{"embeddable":true,"href":"https:\/\/elveracruzano.vip\/index.php?rest_route=\/wp\/v2\/media\/2702"}],"wp:attachment":[{"href":"https:\/\/elveracruzano.vip\/index.php?rest_route=%2Fwp%2Fv2%2Fmedia&parent=2701"}],"wp:term":[{"taxonomy":"category","embeddable":true,"href":"https:\/\/elveracruzano.vip\/index.php?rest_route=%2Fwp%2Fv2%2Fcategories&post=2701"},{"taxonomy":"post_tag","embeddable":true,"href":"https:\/\/elveracruzano.vip\/index.php?rest_route=%2Fwp%2Fv2%2Ftags&post=2701"}],"curies":[{"name":"wp","href":"https:\/\/api.w.org\/{rel}","templated":true}]}}