{"id":2688,"date":"2022-06-15T11:06:42","date_gmt":"2022-06-15T16:06:42","guid":{"rendered":"http:\/\/elveracruzano.vip\/?p=2688"},"modified":"2022-06-15T11:06:43","modified_gmt":"2022-06-15T16:06:43","slug":"continuaremos-reactivando-la-economia-en-boca-del-rio-alcalde-jm-unanue","status":"publish","type":"post","link":"https:\/\/elveracruzano.vip\/?p=2688","title":{"rendered":"Continuaremos reactivando la econom\u00eda en Boca del R\u00edo: Alcalde JM Un\u00e1nue"},"content":{"rendered":"\n<p><strong>#BocaDelR\u00edo, #Ver<\/strong>.- Durante la presentaci\u00f3n de la sexta edici\u00f3n del Festival del Vino y el Mar, el Alcalde de Boca del R\u00edo, Juan Manuel Un\u00e1nue Abascal, respald\u00f3 y agradeci\u00f3 que realicen este tipo de iniciativas, pues ayudan a la reactivaci\u00f3n econ\u00f3mica del municipio.<\/p>\n\n\n\n<p>Recalcando que una de las caracter\u00edsticas de la actual administraci\u00f3n, es ser facilitadores para que eventos de este tipo puedan realizarse, siempre con toda la disposici\u00f3n de crear una sinergia positiva en beneficio de las boque\u00f1as y boque\u00f1os.<\/p>\n\n\n\n<p>\u201cSomos afortunados de que en estos primeros meses de gobierno hemos contado con eventos deportivos de talla nacional e internacional, eventos art\u00edsticos de primer nivel y en este caso, un gran evento gastron\u00f3mico que ya tiene varios a\u00f1os realiz\u00e1ndose\u201d.<\/p>\n\n\n\n<p>Enfatizando que estas actividades, generan derrama econ\u00f3mica para el municipio, adem\u00e1s de dar oportunidad a la creaci\u00f3n de nuevas plazas laborales, sum\u00e1ndose, que a trav\u00e9s de diferentes acciones y esfuerzos que est\u00e1 realizando el gobierno municipal de Boca del R\u00edo, se crean las condiciones de crecimiento econ\u00f3mico.<\/p>\n\n\n\n<p><strong>#ElVeracruzanoVIP<\/strong><\/p>\n","protected":false},"excerpt":{"rendered":"<p>#BocaDelR\u00edo, #Ver.- Durante la presentaci\u00f3n de la sexta edici\u00f3n del Festival del Vino y el Mar, el Alcalde de Boca<\/p>\n","protected":false},"author":4,"featured_media":2689,"comment_status":"open","ping_status":"open","sticky":false,"template":"","format":"standard","meta":{"colormag_page_container_layout":"default_layout","colormag_page_sidebar_layout":"default_layout","rop_custom_images_group":[],"rop_custom_messages_group":[],"rop_publish_now":"initial","rop_publish_now_accounts":{"facebook_109133384920963_108472061465099":""},"rop_publish_now_history":[],"rop_publish_now_status":"pending","footnotes":""},"categories":[11],"tags":[35,17,76,26,20,18,34,19,21,23,22],"class_list":["post-2688","post","type-post","status-publish","format-standard","has-post-thumbnail","hentry","category-municipios-destacados","tag-boca-del-rio","tag-cuitlahuac-garcia-jimenez","tag-dif-boca-del-rio","tag-el-veracruzano-vip","tag-enterate","tag-gobierno-del-estado-de-veracruz","tag-juan-manuel-unanue","tag-redes-sociales","tag-ultima-hora","tag-ultimas-noticias","tag-ultimo-minuto"],"_links":{"self":[{"href":"https:\/\/elveracruzano.vip\/index.php?rest_route=\/wp\/v2\/posts\/2688","targetHints":{"allow":["GET"]}}],"collection":[{"href":"https:\/\/elveracruzano.vip\/index.php?rest_route=\/wp\/v2\/posts"}],"about":[{"href":"https:\/\/elveracruzano.vip\/index.php?rest_route=\/wp\/v2\/types\/post"}],"author":[{"embeddable":true,"href":"https:\/\/elveracruzano.vip\/index.php?rest_route=\/wp\/v2\/users\/4"}],"replies":[{"embeddable":true,"href":"https:\/\/elveracruzano.vip\/index.php?rest_route=%2Fwp%2Fv2%2Fcomments&post=2688"}],"version-history":[{"count":1,"href":"https:\/\/elveracruzano.vip\/index.php?rest_route=\/wp\/v2\/posts\/2688\/revisions"}],"predecessor-version":[{"id":2690,"href":"https:\/\/elveracruzano.vip\/index.php?rest_route=\/wp\/v2\/posts\/2688\/revisions\/2690"}],"wp:featuredmedia":[{"embeddable":true,"href":"https:\/\/elveracruzano.vip\/index.php?rest_route=\/wp\/v2\/media\/2689"}],"wp:attachment":[{"href":"https:\/\/elveracruzano.vip\/index.php?rest_route=%2Fwp%2Fv2%2Fmedia&parent=2688"}],"wp:term":[{"taxonomy":"category","embeddable":true,"href":"https:\/\/elveracruzano.vip\/index.php?rest_route=%2Fwp%2Fv2%2Fcategories&post=2688"},{"taxonomy":"post_tag","embeddable":true,"href":"https:\/\/elveracruzano.vip\/index.php?rest_route=%2Fwp%2Fv2%2Ftags&post=2688"}],"curies":[{"name":"wp","href":"https:\/\/api.w.org\/{rel}","templated":true}]}}