{"id":2646,"date":"2022-06-10T14:43:50","date_gmt":"2022-06-10T19:43:50","guid":{"rendered":"http:\/\/elveracruzano.vip\/?p=2646"},"modified":"2022-06-10T14:44:05","modified_gmt":"2022-06-10T19:44:05","slug":"lleva-alcaldesa-patricia-lobeira-de-yunes-brigada-de-salud-a-lomas-de-rio-medio","status":"publish","type":"post","link":"https:\/\/elveracruzano.vip\/?p=2646","title":{"rendered":"Lleva alcaldesa Patricia Lobeira de Yunes, Brigada de Salud a Lomas de R\u00edo Medio"},"content":{"rendered":"\n<p><strong>#Veracruz, #Ver<\/strong>.- La alcaldesa del municipio de Veracruz, Patricia Lobeira de Yunes, llev\u00f3 a cabo la Brigada de Salud y de Servicios a Lomas de R\u00edo Medio, ya que sostuvo que es importante acercar todos los servicios del Ayuntamiento a la poblaci\u00f3n veracruzana.<\/p>\n\n\n\n<p>Afirm\u00f3 que el tema de salud es una prioridad de su gobierno brindar atenci\u00f3n y acercar estos servicios a la poblaci\u00f3n. \u201cEs un gusto estar aqu\u00ed, acompa\u00f1andolos el d\u00eda de hoy para que puedan disfrutar ustedes de todos los servicios del Ayuntamiento\u201d.<\/p>\n\n\n\n<p>En los m\u00f3dulos instalados en la cancha deportiva, ubicada en la calle Camino Real de Lomas de R\u00edo Medio, la gente cont\u00f3 con los servicios de nutrici\u00f3n, enfermer\u00eda, atenci\u00f3n m\u00e9dica, odontolog\u00eda, farmacia y optometr\u00eda, pruebas de glucosa y electrocardiogramas, as\u00ed como gesti\u00f3n social, INAPAM, SIPINNA, INMUVER, la Procuradur\u00eda del Menor, el mercadito DIF y el m\u00f3dulo de vacunaci\u00f3n antirr\u00e1bica.<\/p>\n\n\n\n<p>\u201cAlgo que caracteriza nuestra administraci\u00f3n es la cercan\u00eda con la gente, es por ello que estoy aqu\u00ed presente con ustedes conociendo y atendiendo sus problem\u00e1ticas, adem\u00e1s de traer los servicios del Ayuntamiento. Veracruz se lo merece porque tiene gente linda, cari\u00f1osa y muy trabajadora\u201d, dijo.<\/p>\n\n\n\n<p><strong>#ElVeracruzanoVIP<\/strong><\/p>\n","protected":false},"excerpt":{"rendered":"<p>#Veracruz, #Ver.- La alcaldesa del municipio de Veracruz, Patricia Lobeira de Yunes, llev\u00f3 a cabo la Brigada de Salud y<\/p>\n","protected":false},"author":4,"featured_media":2647,"comment_status":"open","ping_status":"open","sticky":false,"template":"","format":"standard","meta":{"colormag_page_container_layout":"default_layout","colormag_page_sidebar_layout":"default_layout","rop_custom_images_group":[],"rop_custom_messages_group":[],"rop_publish_now":"initial","rop_publish_now_accounts":{"facebook_109133384920963_108472061465099":""},"rop_publish_now_history":[],"rop_publish_now_status":"pending","footnotes":""},"categories":[8],"tags":[17,26,20,18,58,19,21,23,22,90],"class_list":["post-2646","post","type-post","status-publish","format-standard","has-post-thumbnail","hentry","category-alcaldesas","tag-cuitlahuac-garcia-jimenez","tag-el-veracruzano-vip","tag-enterate","tag-gobierno-del-estado-de-veracruz","tag-paty-lobeira-de-yunes","tag-redes-sociales","tag-ultima-hora","tag-ultimas-noticias","tag-ultimo-minuto","tag-veracruz-ciudad-y-puerto"],"_links":{"self":[{"href":"https:\/\/elveracruzano.vip\/index.php?rest_route=\/wp\/v2\/posts\/2646","targetHints":{"allow":["GET"]}}],"collection":[{"href":"https:\/\/elveracruzano.vip\/index.php?rest_route=\/wp\/v2\/posts"}],"about":[{"href":"https:\/\/elveracruzano.vip\/index.php?rest_route=\/wp\/v2\/types\/post"}],"author":[{"embeddable":true,"href":"https:\/\/elveracruzano.vip\/index.php?rest_route=\/wp\/v2\/users\/4"}],"replies":[{"embeddable":true,"href":"https:\/\/elveracruzano.vip\/index.php?rest_route=%2Fwp%2Fv2%2Fcomments&post=2646"}],"version-history":[{"count":2,"href":"https:\/\/elveracruzano.vip\/index.php?rest_route=\/wp\/v2\/posts\/2646\/revisions"}],"predecessor-version":[{"id":2649,"href":"https:\/\/elveracruzano.vip\/index.php?rest_route=\/wp\/v2\/posts\/2646\/revisions\/2649"}],"wp:featuredmedia":[{"embeddable":true,"href":"https:\/\/elveracruzano.vip\/index.php?rest_route=\/wp\/v2\/media\/2647"}],"wp:attachment":[{"href":"https:\/\/elveracruzano.vip\/index.php?rest_route=%2Fwp%2Fv2%2Fmedia&parent=2646"}],"wp:term":[{"taxonomy":"category","embeddable":true,"href":"https:\/\/elveracruzano.vip\/index.php?rest_route=%2Fwp%2Fv2%2Fcategories&post=2646"},{"taxonomy":"post_tag","embeddable":true,"href":"https:\/\/elveracruzano.vip\/index.php?rest_route=%2Fwp%2Fv2%2Ftags&post=2646"}],"curies":[{"name":"wp","href":"https:\/\/api.w.org\/{rel}","templated":true}]}}