{"id":2617,"date":"2022-06-08T14:56:00","date_gmt":"2022-06-08T19:56:00","guid":{"rendered":"http:\/\/elveracruzano.vip\/?p=2617"},"modified":"2022-06-08T10:57:54","modified_gmt":"2022-06-08T15:57:54","slug":"veracruz-se-consolida-como-la-capital-mundial-de-la-salsa","status":"publish","type":"post","link":"https:\/\/elveracruzano.vip\/?p=2617","title":{"rendered":"Veracruz se consolida como la capital mundial de la salsa"},"content":{"rendered":"\n<p><strong>#BocaDelR\u00edo, #Ver<\/strong>.- No hay fecha que no llegue ni plazo que no se cumpla; as\u00ed nos despedimos de tres d\u00edas de derroche de talentos en el sals\u00f3dromo m\u00e1s grande del mundo y con el p\u00fablico m\u00e1s animado en la capital de la salsa.<\/p>\n\n\n\n<p>De acuerdo a lo pronosticado, el \u00e9xito estaba garantizado con artistas de primer nivel y amantes de la m\u00fasica que desde las 17:00 horas empezaron a abarrotar el bulevar Vicente Fox y en cada presentaci\u00f3n ped\u00edan m\u00e1s, luego de dos a\u00f1os de no ver a sus \u00eddolos.<\/p>\n\n\n\n<p>Veracruz no se puede concebir sin la salsa, y el evento que este d\u00eda termin\u00f3 con el arribo de Diego Mor\u00e1n, V\u00edctor Manuelle y \u00d3scar D\u2019 Le\u00f3n se consolida a la altura de los festivales de Cali (Colombia) o Willemstad&nbsp; (Curazao), pues sin importar la velocidad, el ritmo o estilo las y los veracruzanos demostraron que la m\u00fasica derriba las barreras y terminaron con&nbsp; el coraz\u00f3n hinchado de emoci\u00f3n.<\/p>\n\n\n\n<p>Apostando a ello, el Gobierno de Veracruz retom\u00f3 el Salsa Fest haciendo de Boca del R\u00edo la sede inamovible y en lo que resta de esta administraci\u00f3n tendr\u00e1 lugar anualmente y de manera gratuita, proyectando a Veracruz en el mundo en materia tur\u00edstica.<\/p>\n\n\n\n<p><strong>#ElVeracruzanoVIP<\/strong><\/p>\n","protected":false},"excerpt":{"rendered":"<p>#BocaDelR\u00edo, #Ver.- No hay fecha que no llegue ni plazo que no se cumpla; as\u00ed nos despedimos de tres d\u00edas<\/p>\n","protected":false},"author":4,"featured_media":2618,"comment_status":"open","ping_status":"open","sticky":false,"template":"","format":"standard","meta":{"colormag_page_container_layout":"default_layout","colormag_page_sidebar_layout":"default_layout","rop_custom_images_group":[],"rop_custom_messages_group":[],"rop_publish_now":"initial","rop_publish_now_accounts":{"facebook_109133384920963_108472061465099":""},"rop_publish_now_history":[],"rop_publish_now_status":"pending","footnotes":""},"categories":[16],"tags":[17,26,20,18,19,84,21,23,22],"class_list":["post-2617","post","type-post","status-publish","format-standard","has-post-thumbnail","hentry","category-ultima-hora","tag-cuitlahuac-garcia-jimenez","tag-el-veracruzano-vip","tag-enterate","tag-gobierno-del-estado-de-veracruz","tag-redes-sociales","tag-secretaria-de-proteccion-civil-del-estado-de-veracruz","tag-ultima-hora","tag-ultimas-noticias","tag-ultimo-minuto"],"_links":{"self":[{"href":"https:\/\/elveracruzano.vip\/index.php?rest_route=\/wp\/v2\/posts\/2617","targetHints":{"allow":["GET"]}}],"collection":[{"href":"https:\/\/elveracruzano.vip\/index.php?rest_route=\/wp\/v2\/posts"}],"about":[{"href":"https:\/\/elveracruzano.vip\/index.php?rest_route=\/wp\/v2\/types\/post"}],"author":[{"embeddable":true,"href":"https:\/\/elveracruzano.vip\/index.php?rest_route=\/wp\/v2\/users\/4"}],"replies":[{"embeddable":true,"href":"https:\/\/elveracruzano.vip\/index.php?rest_route=%2Fwp%2Fv2%2Fcomments&post=2617"}],"version-history":[{"count":1,"href":"https:\/\/elveracruzano.vip\/index.php?rest_route=\/wp\/v2\/posts\/2617\/revisions"}],"predecessor-version":[{"id":2619,"href":"https:\/\/elveracruzano.vip\/index.php?rest_route=\/wp\/v2\/posts\/2617\/revisions\/2619"}],"wp:featuredmedia":[{"embeddable":true,"href":"https:\/\/elveracruzano.vip\/index.php?rest_route=\/wp\/v2\/media\/2618"}],"wp:attachment":[{"href":"https:\/\/elveracruzano.vip\/index.php?rest_route=%2Fwp%2Fv2%2Fmedia&parent=2617"}],"wp:term":[{"taxonomy":"category","embeddable":true,"href":"https:\/\/elveracruzano.vip\/index.php?rest_route=%2Fwp%2Fv2%2Fcategories&post=2617"},{"taxonomy":"post_tag","embeddable":true,"href":"https:\/\/elveracruzano.vip\/index.php?rest_route=%2Fwp%2Fv2%2Ftags&post=2617"}],"curies":[{"name":"wp","href":"https:\/\/api.w.org\/{rel}","templated":true}]}}