{"id":2601,"date":"2022-06-06T10:11:54","date_gmt":"2022-06-06T15:11:54","guid":{"rendered":"http:\/\/elveracruzano.vip\/?p=2601"},"modified":"2022-06-06T10:11:55","modified_gmt":"2022-06-06T15:11:55","slug":"inicia-en-xalapa-la-campana-de-reforestacion-y-arborizacion-urbana-2022","status":"publish","type":"post","link":"https:\/\/elveracruzano.vip\/?p=2601","title":{"rendered":"Inicia en Xalapa la campa\u00f1a de Reforestaci\u00f3n y Arborizaci\u00f3n Urbana 2022"},"content":{"rendered":"\n<p><strong>#Xalapa, #Ver<\/strong>.- Con la meta de sembrar 7 mil \u00e1rboles en la zona urbana e igual cantidad en el \u00e1rea rural de Xalapa, el pasado domingo el ayuntamiento inici\u00f3 la campa\u00f1a de Reforestaci\u00f3n y Arborizaci\u00f3n Urbana 2022 en la zona del Distribuidor Vial Las Trancas.<\/p>\n\n\n\n<p>Este proyecto tiene por objetivo salvaguardar los bosques, dep\u00f3sitos e insumos de agua.<\/p>\n\n\n\n<p>Por tal motivo, el ayuntamiento trabaja para que tanto en la zona urbana como en la rural se siembren 7 mil \u00e1rboles.<\/p>\n\n\n\n<p>Los bosques y recursos h\u00eddricos son fundamentales para garantizar el abasto de agua y heredar un mejor futuro a las nuevas generaciones.<\/p>\n\n\n\n<figure class=\"wp-block-image aligncenter size-full is-resized\"><img loading=\"lazy\" decoding=\"async\" src=\"http:\/\/elveracruzano.vip\/wp-content\/uploads\/2022\/06\/xala2.jpg\" alt=\"\" class=\"wp-image-2602\" width=\"462\" height=\"288\" srcset=\"https:\/\/elveracruzano.vip\/wp-content\/uploads\/2022\/06\/xala2.jpg 853w, https:\/\/elveracruzano.vip\/wp-content\/uploads\/2022\/06\/xala2-300x187.jpg 300w, https:\/\/elveracruzano.vip\/wp-content\/uploads\/2022\/06\/xala2-768x479.jpg 768w, https:\/\/elveracruzano.vip\/wp-content\/uploads\/2022\/06\/xala2-600x374.jpg 600w\" sizes=\"auto, (max-width: 462px) 100vw, 462px\" \/><\/figure>\n\n\n\n<p><strong>#ElVeracruzanoVIP<\/strong><\/p>\n","protected":false},"excerpt":{"rendered":"<p>#Xalapa, #Ver.- Con la meta de sembrar 7 mil \u00e1rboles en la zona urbana e igual cantidad en el \u00e1rea<\/p>\n","protected":false},"author":4,"featured_media":2603,"comment_status":"open","ping_status":"open","sticky":false,"template":"","format":"standard","meta":{"colormag_page_container_layout":"default_layout","colormag_page_sidebar_layout":"default_layout","rop_custom_images_group":[],"rop_custom_messages_group":[],"rop_publish_now":"initial","rop_publish_now_accounts":{"facebook_109133384920963_108472061465099":""},"rop_publish_now_history":[],"rop_publish_now_status":"pending","footnotes":""},"categories":[11],"tags":[17,26,20,18,93,19,77,21,23,22,32],"class_list":["post-2601","post","type-post","status-publish","format-standard","has-post-thumbnail","hentry","category-municipios-destacados","tag-cuitlahuac-garcia-jimenez","tag-el-veracruzano-vip","tag-enterate","tag-gobierno-del-estado-de-veracruz","tag-pc-xalapa","tag-redes-sociales","tag-ricardo-ahued-bardahuil","tag-ultima-hora","tag-ultimas-noticias","tag-ultimo-minuto","tag-xalapa"],"_links":{"self":[{"href":"https:\/\/elveracruzano.vip\/index.php?rest_route=\/wp\/v2\/posts\/2601","targetHints":{"allow":["GET"]}}],"collection":[{"href":"https:\/\/elveracruzano.vip\/index.php?rest_route=\/wp\/v2\/posts"}],"about":[{"href":"https:\/\/elveracruzano.vip\/index.php?rest_route=\/wp\/v2\/types\/post"}],"author":[{"embeddable":true,"href":"https:\/\/elveracruzano.vip\/index.php?rest_route=\/wp\/v2\/users\/4"}],"replies":[{"embeddable":true,"href":"https:\/\/elveracruzano.vip\/index.php?rest_route=%2Fwp%2Fv2%2Fcomments&post=2601"}],"version-history":[{"count":1,"href":"https:\/\/elveracruzano.vip\/index.php?rest_route=\/wp\/v2\/posts\/2601\/revisions"}],"predecessor-version":[{"id":2604,"href":"https:\/\/elveracruzano.vip\/index.php?rest_route=\/wp\/v2\/posts\/2601\/revisions\/2604"}],"wp:featuredmedia":[{"embeddable":true,"href":"https:\/\/elveracruzano.vip\/index.php?rest_route=\/wp\/v2\/media\/2603"}],"wp:attachment":[{"href":"https:\/\/elveracruzano.vip\/index.php?rest_route=%2Fwp%2Fv2%2Fmedia&parent=2601"}],"wp:term":[{"taxonomy":"category","embeddable":true,"href":"https:\/\/elveracruzano.vip\/index.php?rest_route=%2Fwp%2Fv2%2Fcategories&post=2601"},{"taxonomy":"post_tag","embeddable":true,"href":"https:\/\/elveracruzano.vip\/index.php?rest_route=%2Fwp%2Fv2%2Ftags&post=2601"}],"curies":[{"name":"wp","href":"https:\/\/api.w.org\/{rel}","templated":true}]}}