{"id":2595,"date":"2022-06-06T17:01:00","date_gmt":"2022-06-06T22:01:00","guid":{"rendered":"http:\/\/elveracruzano.vip\/?p=2595"},"modified":"2022-06-06T10:03:08","modified_gmt":"2022-06-06T15:03:08","slug":"celebra-gobernador-de-veracruz-12-anos-de-labor-del-crisver","status":"publish","type":"post","link":"https:\/\/elveracruzano.vip\/?p=2595","title":{"rendered":"Celebra gobernador de Veracruz, 12 a\u00f1os de labor del CRISVER"},"content":{"rendered":"\n<p><strong>#Xalapa, #Ver<\/strong>.- Atender con dedicaci\u00f3n, humanismo y paciencia a las personas que llegan con la esperanza de sentirse parte de la sociedad es lo que caracteriza al Centro de Rehabilitaci\u00f3n e Inclusi\u00f3n Social de Veracruz (CRISVER), manifest\u00f3 el gobernador Cuitl\u00e1huac Garc\u00eda Jim\u00e9nez al celebrar el d\u00e9cimo segundo aniversario de esta noble instituci\u00f3n.<\/p>\n\n\n\n<p>\u201cQue esta ceremonia sirva para tener muy presente que las circunstancias nos ponen en caminos dif\u00edciles, por ello debemos brindar especial cuidado a quienes lo requieren y as\u00ed ayudarlos a cambiar su percepci\u00f3n de la vida y enfrentar con mayor facilidad las adversidades\u201d, expres\u00f3.<\/p>\n\n\n\n<p>El mandatario destac\u00f3 la dedicaci\u00f3n de la directora general del Sistema Estatal para el Desarrollo Integral de la Familia (DIF), Rebeca Quintanar Barcel\u00f3, misma que reiter\u00f3 el compromiso de trabajar para uno de los sectores m\u00e1s vulnerables de la poblaci\u00f3n: las personas con discapacidad, d\u00e1ndoles atenci\u00f3n de calidad y calidez a fin de abrazar la esperanza y empat\u00eda por un mejor futuro.<\/p>\n\n\n\n<p>\u201cHe tenido el privilegio de conocer gente que ha transformado su vida gracias al CRISVER, lugar donde se sue\u00f1a, aprende y alcanzan muchos anhelos. Agradezco a los colaboradores que, con un trato sensible y humano, hacen sentir a los usuarios como en su hogar; mientras ellos nos motivan diariamente a realizar nuestras tareas\u201d, afirm\u00f3.<\/p>\n\n\n\n<p><strong>#ElVeracruzanoVIP<\/strong><\/p>\n","protected":false},"excerpt":{"rendered":"<p>#Xalapa, #Ver.- Atender con dedicaci\u00f3n, humanismo y paciencia a las personas que llegan con la esperanza de sentirse parte de<\/p>\n","protected":false},"author":4,"featured_media":2596,"comment_status":"open","ping_status":"open","sticky":false,"template":"","format":"standard","meta":{"colormag_page_container_layout":"default_layout","colormag_page_sidebar_layout":"default_layout","rop_custom_images_group":[],"rop_custom_messages_group":[],"rop_publish_now":"initial","rop_publish_now_accounts":{"facebook_109133384920963_108472061465099":""},"rop_publish_now_history":[],"rop_publish_now_status":"pending","footnotes":""},"categories":[14],"tags":[17,26,20,18,19,84,21,23,22],"class_list":["post-2595","post","type-post","status-publish","format-standard","has-post-thumbnail","hentry","category-secretarias","tag-cuitlahuac-garcia-jimenez","tag-el-veracruzano-vip","tag-enterate","tag-gobierno-del-estado-de-veracruz","tag-redes-sociales","tag-secretaria-de-proteccion-civil-del-estado-de-veracruz","tag-ultima-hora","tag-ultimas-noticias","tag-ultimo-minuto"],"_links":{"self":[{"href":"https:\/\/elveracruzano.vip\/index.php?rest_route=\/wp\/v2\/posts\/2595","targetHints":{"allow":["GET"]}}],"collection":[{"href":"https:\/\/elveracruzano.vip\/index.php?rest_route=\/wp\/v2\/posts"}],"about":[{"href":"https:\/\/elveracruzano.vip\/index.php?rest_route=\/wp\/v2\/types\/post"}],"author":[{"embeddable":true,"href":"https:\/\/elveracruzano.vip\/index.php?rest_route=\/wp\/v2\/users\/4"}],"replies":[{"embeddable":true,"href":"https:\/\/elveracruzano.vip\/index.php?rest_route=%2Fwp%2Fv2%2Fcomments&post=2595"}],"version-history":[{"count":1,"href":"https:\/\/elveracruzano.vip\/index.php?rest_route=\/wp\/v2\/posts\/2595\/revisions"}],"predecessor-version":[{"id":2597,"href":"https:\/\/elveracruzano.vip\/index.php?rest_route=\/wp\/v2\/posts\/2595\/revisions\/2597"}],"wp:featuredmedia":[{"embeddable":true,"href":"https:\/\/elveracruzano.vip\/index.php?rest_route=\/wp\/v2\/media\/2596"}],"wp:attachment":[{"href":"https:\/\/elveracruzano.vip\/index.php?rest_route=%2Fwp%2Fv2%2Fmedia&parent=2595"}],"wp:term":[{"taxonomy":"category","embeddable":true,"href":"https:\/\/elveracruzano.vip\/index.php?rest_route=%2Fwp%2Fv2%2Fcategories&post=2595"},{"taxonomy":"post_tag","embeddable":true,"href":"https:\/\/elveracruzano.vip\/index.php?rest_route=%2Fwp%2Fv2%2Ftags&post=2595"}],"curies":[{"name":"wp","href":"https:\/\/api.w.org\/{rel}","templated":true}]}}