{"id":2592,"date":"2022-06-06T14:00:00","date_gmt":"2022-06-06T19:00:00","guid":{"rendered":"http:\/\/elveracruzano.vip\/?p=2592"},"modified":"2022-06-06T10:01:41","modified_gmt":"2022-06-06T15:01:41","slug":"llegan-visitantes-de-6-paises-y-22-estados-a-disfrutar-del-salsa-fest-veracruz-2022","status":"publish","type":"post","link":"https:\/\/elveracruzano.vip\/?p=2592","title":{"rendered":"Llegan visitantes de 6 pa\u00edses y 22 estados a disfrutar del Salsa Fest Veracruz 2022"},"content":{"rendered":"\n<p><strong>#BocaDelR\u00edo, #Ver<\/strong>.- El arranque del\u00a0<em>Salsa Fest Veracruz 2022<\/em>\u00a0en el \u201csals\u00f3dromo\u201d ubicado en el bulevar Vicente Fox, rebas\u00f3 las expectativas con la afluencia de los amantes de la m\u00fasica, provenientes de 6 pa\u00edses y 22 estados, para bailar al ritmo de N\u00b4Klabe, India y Los Van Van, quienes desde las 21 horas, hicieron gala de sus grandes \u00e9xitos, en lo que es considerado como \u201cel festival m\u00e1s importante de este g\u00e9nero musical en el pa\u00eds\u201d.<\/p>\n\n\n\n<p>Hasta el s\u00e1bado estiman el ingreso de aproximadamente 400 mil personas. Para esto los tres \u00f3rdenes de gobierno implementan el Plan Operativo, bajo el esquema de Sistema de Comando de Incidentes, con el fin de brindar un mejor disfrute de este magno evento con m\u00e1s de mil efectivos de la Secretar\u00eda de Seguridad P\u00fablica (SSP), Protecci\u00f3n Civil (PC), Polic\u00eda Naval (PN), Guardia Nacional (GN) y Polic\u00eda Municipal.<\/p>\n\n\n\n<p>Durante el recorrido de inicio, el secretario de Turismo y Cultura (SECTUR), Iv\u00e1n Mart\u00ednez Olvera, destac\u00f3 el lleno total del evento en este primer d\u00eda y asegur\u00f3 \u201cser\u00e1 el lunes\u201d cuando la dependencia a su cargo d\u00e9 a conocer las cifras oficiales de asistencia, derrama econ\u00f3mica, ocupaci\u00f3n hotelera y restaurantera.<\/p>\n\n\n\n<p>El acceso al recinto inicia a las 17 horas; posteriormente, a las 18 horas podr\u00e1n disfrutar de los eventos art\u00edsticos como el ballet Orgullo Veracruzano, grupos locales de salsa, concursos y animadores. Finalmente a las 21 horas podr\u00e1n compartir sus mejores pasos y cantar con los artistas invitados.<\/p>\n\n\n\n<p><strong>#ElVeracruzanoVIP<\/strong><\/p>\n","protected":false},"excerpt":{"rendered":"<p>#BocaDelR\u00edo, #Ver.- El arranque del\u00a0Salsa Fest Veracruz 2022\u00a0en el \u201csals\u00f3dromo\u201d ubicado en el bulevar Vicente Fox, rebas\u00f3 las expectativas con<\/p>\n","protected":false},"author":4,"featured_media":2593,"comment_status":"open","ping_status":"open","sticky":false,"template":"","format":"standard","meta":{"colormag_page_container_layout":"default_layout","colormag_page_sidebar_layout":"default_layout","rop_custom_images_group":[],"rop_custom_messages_group":[],"rop_publish_now":"initial","rop_publish_now_accounts":{"facebook_109133384920963_108472061465099":""},"rop_publish_now_history":[],"rop_publish_now_status":"pending","footnotes":""},"categories":[16],"tags":[17,26,20,18,19,84,21,23,22],"class_list":["post-2592","post","type-post","status-publish","format-standard","has-post-thumbnail","hentry","category-ultima-hora","tag-cuitlahuac-garcia-jimenez","tag-el-veracruzano-vip","tag-enterate","tag-gobierno-del-estado-de-veracruz","tag-redes-sociales","tag-secretaria-de-proteccion-civil-del-estado-de-veracruz","tag-ultima-hora","tag-ultimas-noticias","tag-ultimo-minuto"],"_links":{"self":[{"href":"https:\/\/elveracruzano.vip\/index.php?rest_route=\/wp\/v2\/posts\/2592","targetHints":{"allow":["GET"]}}],"collection":[{"href":"https:\/\/elveracruzano.vip\/index.php?rest_route=\/wp\/v2\/posts"}],"about":[{"href":"https:\/\/elveracruzano.vip\/index.php?rest_route=\/wp\/v2\/types\/post"}],"author":[{"embeddable":true,"href":"https:\/\/elveracruzano.vip\/index.php?rest_route=\/wp\/v2\/users\/4"}],"replies":[{"embeddable":true,"href":"https:\/\/elveracruzano.vip\/index.php?rest_route=%2Fwp%2Fv2%2Fcomments&post=2592"}],"version-history":[{"count":1,"href":"https:\/\/elveracruzano.vip\/index.php?rest_route=\/wp\/v2\/posts\/2592\/revisions"}],"predecessor-version":[{"id":2594,"href":"https:\/\/elveracruzano.vip\/index.php?rest_route=\/wp\/v2\/posts\/2592\/revisions\/2594"}],"wp:featuredmedia":[{"embeddable":true,"href":"https:\/\/elveracruzano.vip\/index.php?rest_route=\/wp\/v2\/media\/2593"}],"wp:attachment":[{"href":"https:\/\/elveracruzano.vip\/index.php?rest_route=%2Fwp%2Fv2%2Fmedia&parent=2592"}],"wp:term":[{"taxonomy":"category","embeddable":true,"href":"https:\/\/elveracruzano.vip\/index.php?rest_route=%2Fwp%2Fv2%2Fcategories&post=2592"},{"taxonomy":"post_tag","embeddable":true,"href":"https:\/\/elveracruzano.vip\/index.php?rest_route=%2Fwp%2Fv2%2Ftags&post=2592"}],"curies":[{"name":"wp","href":"https:\/\/api.w.org\/{rel}","templated":true}]}}