{"id":2575,"date":"2022-06-03T18:24:00","date_gmt":"2022-06-03T23:24:00","guid":{"rendered":"http:\/\/elveracruzano.vip\/?p=2575"},"modified":"2022-06-03T10:25:09","modified_gmt":"2022-06-03T15:25:09","slug":"entrega-sev-plantel-cecytev-en-yanga-atendera-incremento-de-matricula-en-la-region","status":"publish","type":"post","link":"https:\/\/elveracruzano.vip\/?p=2575","title":{"rendered":"Entrega SEV plantel CECyTEV en Yanga; atender\u00e1 incremento de matr\u00edcula en la regi\u00f3n"},"content":{"rendered":"\n<p><strong>#Yanga, #Ver<\/strong>.- A trav\u00e9s del Instituto de Espacios Educativos (IEEV), la Secretar\u00eda de Educaci\u00f3n (SEV) inaugur\u00f3 dos edificios nuevos tipo U1C y obra exterior en el plantel \u201cGeneral Alatriste\u201d del Colegio de Estudios Cient\u00edficos y Tecnol\u00f3gicos (CECyTEV), con una inversi\u00f3n superior a los 4 millones 498 mil pesos, en beneficio de 72 estudiantes de la localidad San Joaqu\u00edn.<\/p>\n\n\n\n<p>En recorrido por diversos municipios, el titular de la dependencia, Zenyazen Escobar Garc\u00eda, enfatiz\u00f3 el cumplimiento de uno de los compromisos establecidos por la actual administraci\u00f3n, para atender el incremento de la matr\u00edcula.<\/p>\n\n\n\n<p>Asimismo, en Cuitl\u00e1huac, inaugur\u00f3 la&nbsp;<em>Expo Feria Educativa 2022<\/em>&nbsp;en la Regi\u00f3n de las Altas Monta\u00f1as, con sede en la Universidad Tecnol\u00f3gica del Centro de Veracruz (UTCV), donde fueron presentados proyectos productivos, actividades deportivas, culturales y acad\u00e9micas a m\u00e1s de 44 mil j\u00f3venes en busca de opciones para acceder al nivel Superior. Simult\u00e1neamente, estas acciones se replicaron en el Instituto Tecnol\u00f3gico Superior de Zongolica (TecNM).<\/p>\n\n\n\n<p>Ah\u00ed, destac\u00f3 la creaci\u00f3n del Programa Estatal de Oferta Educativa (PEOE), el cual se ha extendido a trav\u00e9s de las expos por toda la entidad. Tambi\u00e9n enfatiz\u00f3 la promoci\u00f3n de la pol\u00edtica de\u00a0<em>Cero Rechazo,<\/em>\u00a0dise\u00f1ada por el Gobierno del Estado para un acceso parejo al aprendizaje medio superior y superior. Para ello rehabilita o construye planteles y laboratorios, adem\u00e1s de la dotaci\u00f3n de material.<\/p>\n\n\n\n<p><strong>#ElVeracruzanoVIP<\/strong><\/p>\n","protected":false},"excerpt":{"rendered":"<p>#Yanga, #Ver.- A trav\u00e9s del Instituto de Espacios Educativos (IEEV), la Secretar\u00eda de Educaci\u00f3n (SEV) inaugur\u00f3 dos edificios nuevos tipo<\/p>\n","protected":false},"author":4,"featured_media":2576,"comment_status":"open","ping_status":"open","sticky":false,"template":"","format":"standard","meta":{"colormag_page_container_layout":"default_layout","colormag_page_sidebar_layout":"default_layout","rop_custom_images_group":[],"rop_custom_messages_group":[],"rop_publish_now":"initial","rop_publish_now_accounts":{"facebook_109133384920963_108472061465099":""},"rop_publish_now_history":[],"rop_publish_now_status":"pending","footnotes":""},"categories":[14],"tags":[17,26,20,18,19,84,21,23,22],"class_list":["post-2575","post","type-post","status-publish","format-standard","has-post-thumbnail","hentry","category-secretarias","tag-cuitlahuac-garcia-jimenez","tag-el-veracruzano-vip","tag-enterate","tag-gobierno-del-estado-de-veracruz","tag-redes-sociales","tag-secretaria-de-proteccion-civil-del-estado-de-veracruz","tag-ultima-hora","tag-ultimas-noticias","tag-ultimo-minuto"],"_links":{"self":[{"href":"https:\/\/elveracruzano.vip\/index.php?rest_route=\/wp\/v2\/posts\/2575","targetHints":{"allow":["GET"]}}],"collection":[{"href":"https:\/\/elveracruzano.vip\/index.php?rest_route=\/wp\/v2\/posts"}],"about":[{"href":"https:\/\/elveracruzano.vip\/index.php?rest_route=\/wp\/v2\/types\/post"}],"author":[{"embeddable":true,"href":"https:\/\/elveracruzano.vip\/index.php?rest_route=\/wp\/v2\/users\/4"}],"replies":[{"embeddable":true,"href":"https:\/\/elveracruzano.vip\/index.php?rest_route=%2Fwp%2Fv2%2Fcomments&post=2575"}],"version-history":[{"count":1,"href":"https:\/\/elveracruzano.vip\/index.php?rest_route=\/wp\/v2\/posts\/2575\/revisions"}],"predecessor-version":[{"id":2577,"href":"https:\/\/elveracruzano.vip\/index.php?rest_route=\/wp\/v2\/posts\/2575\/revisions\/2577"}],"wp:featuredmedia":[{"embeddable":true,"href":"https:\/\/elveracruzano.vip\/index.php?rest_route=\/wp\/v2\/media\/2576"}],"wp:attachment":[{"href":"https:\/\/elveracruzano.vip\/index.php?rest_route=%2Fwp%2Fv2%2Fmedia&parent=2575"}],"wp:term":[{"taxonomy":"category","embeddable":true,"href":"https:\/\/elveracruzano.vip\/index.php?rest_route=%2Fwp%2Fv2%2Fcategories&post=2575"},{"taxonomy":"post_tag","embeddable":true,"href":"https:\/\/elveracruzano.vip\/index.php?rest_route=%2Fwp%2Fv2%2Ftags&post=2575"}],"curies":[{"name":"wp","href":"https:\/\/api.w.org\/{rel}","templated":true}]}}