{"id":2523,"date":"2022-05-30T16:18:00","date_gmt":"2022-05-30T21:18:00","guid":{"rendered":"http:\/\/elveracruzano.vip\/?p=2523"},"modified":"2022-05-30T10:19:11","modified_gmt":"2022-05-30T15:19:11","slug":"estrategias-educativas-aplicadas-durante-la-contingencia-sanitaria-seran-reconocidas-sep","status":"publish","type":"post","link":"https:\/\/elveracruzano.vip\/?p=2523","title":{"rendered":"Estrategias educativas aplicadas durante la contingencia sanitaria ser\u00e1n reconocidas: SEP"},"content":{"rendered":"\n<p><strong>#BocaDelR\u00edo, #Ver<\/strong>.- M\u00e1s de 2 mil docentes de Campeche, Chiapas, Quintana Roo, Tabasco, Veracruz y Yucat\u00e1n, se reunieron en el World Trade Center (WTC) para la presentaci\u00f3n del Reconocimiento a la Pr\u00e1ctica Educativa, encabezada por la secretaria de Educaci\u00f3n P\u00fablica (SEP), Delfina G\u00f3mez \u00c1lvarez, y la titular de la Unidad del Sistema para la Carrera de las Maestras y Maestros (USICAMM), Adela Pi\u00f1a Bernal.<\/p>\n\n\n\n<p>La titular de la SEP, sostuvo que para evitar se pierdan las experiencias vividas se decidi\u00f3 hacer esta presentaci\u00f3n, donde tambi\u00e9n se recalca el inter\u00e9s que tiene el Gobierno Federal, la SEP y las diferentes instancias por el trabajo del gremio.<\/p>\n\n\n\n<p>Igualmente, Pi\u00f1a Bernal detall\u00f3 las etapas que conlleva el reconocimiento que se har\u00e1 a nivel nacional a quienes hicieron sus mejores pr\u00e1cticas educativas, destacando los foros de intercambio de experiencias, recopilaci\u00f3n de una memoria audiovisual y memoria documental.&nbsp;<\/p>\n\n\n\n<p>De acuerdo con la convocatoria publicada el pasado 15 de mayo a nivel nacional, podr\u00e1n participar docentes de Educaci\u00f3n B\u00e1sica y Media Superior mediante una narrativa donde describan la pr\u00e1ctica o estrategia pedag\u00f3gica aplicada durante la suspensi\u00f3n de clases presenciales, reconociendo as\u00ed, la labor y casos exitosos obtenidos durante la emergencia sanitaria por COVID-19. Los resultados se dar\u00e1n a conocer el 10 de agosto de este a\u00f1o.<\/p>\n\n\n\n<p><strong>#ElVeracruzanoVIP<\/strong><\/p>\n","protected":false},"excerpt":{"rendered":"<p>#BocaDelR\u00edo, #Ver.- M\u00e1s de 2 mil docentes de Campeche, Chiapas, Quintana Roo, Tabasco, Veracruz y Yucat\u00e1n, se reunieron en el<\/p>\n","protected":false},"author":4,"featured_media":2524,"comment_status":"open","ping_status":"open","sticky":false,"template":"","format":"standard","meta":{"colormag_page_container_layout":"default_layout","colormag_page_sidebar_layout":"default_layout","rop_custom_images_group":[],"rop_custom_messages_group":[],"rop_publish_now":"initial","rop_publish_now_accounts":{"facebook_109133384920963_108472061465099":""},"rop_publish_now_history":[],"rop_publish_now_status":"pending","footnotes":""},"categories":[14],"tags":[17,26,20,18,19,84,21,23,22],"class_list":["post-2523","post","type-post","status-publish","format-standard","has-post-thumbnail","hentry","category-secretarias","tag-cuitlahuac-garcia-jimenez","tag-el-veracruzano-vip","tag-enterate","tag-gobierno-del-estado-de-veracruz","tag-redes-sociales","tag-secretaria-de-proteccion-civil-del-estado-de-veracruz","tag-ultima-hora","tag-ultimas-noticias","tag-ultimo-minuto"],"_links":{"self":[{"href":"https:\/\/elveracruzano.vip\/index.php?rest_route=\/wp\/v2\/posts\/2523","targetHints":{"allow":["GET"]}}],"collection":[{"href":"https:\/\/elveracruzano.vip\/index.php?rest_route=\/wp\/v2\/posts"}],"about":[{"href":"https:\/\/elveracruzano.vip\/index.php?rest_route=\/wp\/v2\/types\/post"}],"author":[{"embeddable":true,"href":"https:\/\/elveracruzano.vip\/index.php?rest_route=\/wp\/v2\/users\/4"}],"replies":[{"embeddable":true,"href":"https:\/\/elveracruzano.vip\/index.php?rest_route=%2Fwp%2Fv2%2Fcomments&post=2523"}],"version-history":[{"count":1,"href":"https:\/\/elveracruzano.vip\/index.php?rest_route=\/wp\/v2\/posts\/2523\/revisions"}],"predecessor-version":[{"id":2525,"href":"https:\/\/elveracruzano.vip\/index.php?rest_route=\/wp\/v2\/posts\/2523\/revisions\/2525"}],"wp:featuredmedia":[{"embeddable":true,"href":"https:\/\/elveracruzano.vip\/index.php?rest_route=\/wp\/v2\/media\/2524"}],"wp:attachment":[{"href":"https:\/\/elveracruzano.vip\/index.php?rest_route=%2Fwp%2Fv2%2Fmedia&parent=2523"}],"wp:term":[{"taxonomy":"category","embeddable":true,"href":"https:\/\/elveracruzano.vip\/index.php?rest_route=%2Fwp%2Fv2%2Fcategories&post=2523"},{"taxonomy":"post_tag","embeddable":true,"href":"https:\/\/elveracruzano.vip\/index.php?rest_route=%2Fwp%2Fv2%2Ftags&post=2523"}],"curies":[{"name":"wp","href":"https:\/\/api.w.org\/{rel}","templated":true}]}}