{"id":2520,"date":"2022-05-30T14:17:00","date_gmt":"2022-05-30T19:17:00","guid":{"rendered":"http:\/\/elveracruzano.vip\/?p=2520"},"modified":"2022-05-30T10:18:09","modified_gmt":"2022-05-30T15:18:09","slug":"con-respeto-e-inclusion-el-acceso-a-la-educacion-y-la-informacion-es-para-todas-y-todos","status":"publish","type":"post","link":"https:\/\/elveracruzano.vip\/?p=2520","title":{"rendered":"Con respeto e inclusi\u00f3n, el acceso a la educaci\u00f3n y la informaci\u00f3n es para todas y todos"},"content":{"rendered":"\n<p><strong>#Xalapa, #Ver<\/strong>.- Gracias al inter\u00e9s del Gobierno estatal por mejorar las circunstancias de vida y atender con prioridad a quienes han vivido las mayores desigualdades, hoy Veracruz pasa verdaderos tiempos de transformaci\u00f3n en los cuales la sociedad transita a un mejor entendimiento de respeto a los derechos de todas las personas.<\/p>\n\n\n\n<p>En este esfuerzo, la Oficina de Programa de Gobierno (PROGOB), con apoyo del Consejo Nacional de Ciencia y Tecnolog\u00eda (CONACYT), el Instituto Veracruzano de Educaci\u00f3n para los Adultos y la Universidad Pedag\u00f3gica Veracruzana, inaugur\u00f3 el \u201cDi\u00e1logo e intercambio de experiencias sobre la introducci\u00f3n del Modelo Ling\u00fc\u00edstico Sordo en la educaci\u00f3n\u201d.<\/p>\n\n\n\n<p>Este primer foro tiene por objetivo reunir a docentes, activistas y familias con integrantes sordos para concebir un amplio panorama de la educaci\u00f3n, facilitar los procesos de lectura y escritura del espa\u00f1ol a trav\u00e9s del Lenguaje de Se\u00f1as Mexicano (LSM), establecer un v\u00ednculo con sectores de Gobierno sobre las \u00e1reas de oportunidad a atender y realizar talleres sobre la inclusi\u00f3n.<\/p>\n\n\n\n<p>\u201cA lo largo de los a\u00f1os han existido iniciativas p\u00fablicas y ciudadanas que crearon herramientas de atenci\u00f3n; sin embargo, estos esfuerzos no son suficientes. Lo que hoy viviremos ser\u00e1 el inicio de un largo camino que permita la comprensi\u00f3n, el respeto mutuo y la construcci\u00f3n conjunta de escenarios educativos m\u00e1s completos\u201d, expres\u00f3 la titular de PROGOB, Waltraud Mart\u00ednez Olvera.<\/p>\n\n\n\n<p><strong>#ElVeracruzanoVIP<\/strong><\/p>\n","protected":false},"excerpt":{"rendered":"<p>#Xalapa, #Ver.- Gracias al inter\u00e9s del Gobierno estatal por mejorar las circunstancias de vida y atender con prioridad a quienes<\/p>\n","protected":false},"author":4,"featured_media":2521,"comment_status":"open","ping_status":"open","sticky":false,"template":"","format":"standard","meta":{"colormag_page_container_layout":"default_layout","colormag_page_sidebar_layout":"default_layout","rop_custom_images_group":[],"rop_custom_messages_group":[],"rop_publish_now":"initial","rop_publish_now_accounts":{"facebook_109133384920963_108472061465099":""},"rop_publish_now_history":[],"rop_publish_now_status":"pending","footnotes":""},"categories":[16],"tags":[17,26,20,18,19,84,21,23,22],"class_list":["post-2520","post","type-post","status-publish","format-standard","has-post-thumbnail","hentry","category-ultima-hora","tag-cuitlahuac-garcia-jimenez","tag-el-veracruzano-vip","tag-enterate","tag-gobierno-del-estado-de-veracruz","tag-redes-sociales","tag-secretaria-de-proteccion-civil-del-estado-de-veracruz","tag-ultima-hora","tag-ultimas-noticias","tag-ultimo-minuto"],"_links":{"self":[{"href":"https:\/\/elveracruzano.vip\/index.php?rest_route=\/wp\/v2\/posts\/2520","targetHints":{"allow":["GET"]}}],"collection":[{"href":"https:\/\/elveracruzano.vip\/index.php?rest_route=\/wp\/v2\/posts"}],"about":[{"href":"https:\/\/elveracruzano.vip\/index.php?rest_route=\/wp\/v2\/types\/post"}],"author":[{"embeddable":true,"href":"https:\/\/elveracruzano.vip\/index.php?rest_route=\/wp\/v2\/users\/4"}],"replies":[{"embeddable":true,"href":"https:\/\/elveracruzano.vip\/index.php?rest_route=%2Fwp%2Fv2%2Fcomments&post=2520"}],"version-history":[{"count":1,"href":"https:\/\/elveracruzano.vip\/index.php?rest_route=\/wp\/v2\/posts\/2520\/revisions"}],"predecessor-version":[{"id":2522,"href":"https:\/\/elveracruzano.vip\/index.php?rest_route=\/wp\/v2\/posts\/2520\/revisions\/2522"}],"wp:featuredmedia":[{"embeddable":true,"href":"https:\/\/elveracruzano.vip\/index.php?rest_route=\/wp\/v2\/media\/2521"}],"wp:attachment":[{"href":"https:\/\/elveracruzano.vip\/index.php?rest_route=%2Fwp%2Fv2%2Fmedia&parent=2520"}],"wp:term":[{"taxonomy":"category","embeddable":true,"href":"https:\/\/elveracruzano.vip\/index.php?rest_route=%2Fwp%2Fv2%2Fcategories&post=2520"},{"taxonomy":"post_tag","embeddable":true,"href":"https:\/\/elveracruzano.vip\/index.php?rest_route=%2Fwp%2Fv2%2Ftags&post=2520"}],"curies":[{"name":"wp","href":"https:\/\/api.w.org\/{rel}","templated":true}]}}