{"id":2508,"date":"2022-05-27T12:56:38","date_gmt":"2022-05-27T17:56:38","guid":{"rendered":"http:\/\/elveracruzano.vip\/?p=2508"},"modified":"2022-05-27T12:56:39","modified_gmt":"2022-05-27T17:56:39","slug":"cumple-medel-palma-con-solicitudes-de-rehabilitacion-de-caminos-en-zona-rural","status":"publish","type":"post","link":"https:\/\/elveracruzano.vip\/?p=2508","title":{"rendered":"Cumple Medel Palma con solicitudes de rehabilitaci\u00f3n de caminos en Zona Rural"},"content":{"rendered":"\n<p><strong>#Minatitl\u00e1n, #Ver<\/strong>. \u2013 Dando cumplimiento a los compromisos adquiridos con los Agentes y Sub Agentes Municipales, la presidenta Municipal Carmen Medel Palma dio prioridad a las solicitudes que han hecho para el beneficio de las carreteras de las diferentes comunidades que pertenecen a Minatitl\u00e1n.<\/p>\n\n\n\n<p>Un grupo de m\u00e1s de 30 Agentes, se reunieron en sala de cabildo para integrar el plan de trabajo que servir\u00e1 para iniciar las actividades en las principales v\u00edas de acceso, que han estado olvidados por varias administraciones.<\/p>\n\n\n\n<p>Por ello la Medel Palma, dio indicaciones a las \u00e1reas correspondientes que se le dieron pronta soluci\u00f3n a las peticiones que han tenido, con la intenci\u00f3n de iniciar trabajos a la brevedad y no se vean detenidas en \u00e9poca de lluvias.<\/p>\n\n\n\n<p>\u201cLe estamos dando prioridad a los caminos con mayor tr\u00e1nsito, ya que estas rutas unen diferentes comunidades que permite el crecimiento de las actividades econ\u00f3micas como ganader\u00eda y agricultura\u201d indic\u00f3 la alcaldesa.<\/p>\n\n\n\n<p><strong>#ElVeracruzanoVIP<\/strong><\/p>\n","protected":false},"excerpt":{"rendered":"<p>#Minatitl\u00e1n, #Ver. \u2013 Dando cumplimiento a los compromisos adquiridos con los Agentes y Sub Agentes Municipales, la presidenta Municipal Carmen<\/p>\n","protected":false},"author":4,"featured_media":2509,"comment_status":"open","ping_status":"open","sticky":false,"template":"","format":"standard","meta":{"colormag_page_container_layout":"default_layout","colormag_page_sidebar_layout":"default_layout","rop_custom_images_group":[],"rop_custom_messages_group":[],"rop_publish_now":"initial","rop_publish_now_accounts":{"facebook_109133384920963_108472061465099":""},"rop_publish_now_history":[],"rop_publish_now_status":"pending","footnotes":""},"categories":[8],"tags":[80,17,26,20,18,39,19,84,21,23,22],"class_list":["post-2508","post","type-post","status-publish","format-standard","has-post-thumbnail","hentry","category-alcaldesas","tag-carmen-medel-palma","tag-cuitlahuac-garcia-jimenez","tag-el-veracruzano-vip","tag-enterate","tag-gobierno-del-estado-de-veracruz","tag-minatitlan","tag-redes-sociales","tag-secretaria-de-proteccion-civil-del-estado-de-veracruz","tag-ultima-hora","tag-ultimas-noticias","tag-ultimo-minuto"],"_links":{"self":[{"href":"https:\/\/elveracruzano.vip\/index.php?rest_route=\/wp\/v2\/posts\/2508","targetHints":{"allow":["GET"]}}],"collection":[{"href":"https:\/\/elveracruzano.vip\/index.php?rest_route=\/wp\/v2\/posts"}],"about":[{"href":"https:\/\/elveracruzano.vip\/index.php?rest_route=\/wp\/v2\/types\/post"}],"author":[{"embeddable":true,"href":"https:\/\/elveracruzano.vip\/index.php?rest_route=\/wp\/v2\/users\/4"}],"replies":[{"embeddable":true,"href":"https:\/\/elveracruzano.vip\/index.php?rest_route=%2Fwp%2Fv2%2Fcomments&post=2508"}],"version-history":[{"count":1,"href":"https:\/\/elveracruzano.vip\/index.php?rest_route=\/wp\/v2\/posts\/2508\/revisions"}],"predecessor-version":[{"id":2510,"href":"https:\/\/elveracruzano.vip\/index.php?rest_route=\/wp\/v2\/posts\/2508\/revisions\/2510"}],"wp:featuredmedia":[{"embeddable":true,"href":"https:\/\/elveracruzano.vip\/index.php?rest_route=\/wp\/v2\/media\/2509"}],"wp:attachment":[{"href":"https:\/\/elveracruzano.vip\/index.php?rest_route=%2Fwp%2Fv2%2Fmedia&parent=2508"}],"wp:term":[{"taxonomy":"category","embeddable":true,"href":"https:\/\/elveracruzano.vip\/index.php?rest_route=%2Fwp%2Fv2%2Fcategories&post=2508"},{"taxonomy":"post_tag","embeddable":true,"href":"https:\/\/elveracruzano.vip\/index.php?rest_route=%2Fwp%2Fv2%2Ftags&post=2508"}],"curies":[{"name":"wp","href":"https:\/\/api.w.org\/{rel}","templated":true}]}}