{"id":2501,"date":"2022-05-27T14:47:00","date_gmt":"2022-05-27T19:47:00","guid":{"rendered":"http:\/\/elveracruzano.vip\/?p=2501"},"modified":"2022-05-27T12:48:53","modified_gmt":"2022-05-27T17:48:53","slug":"gobierno-de-veracruz-paga-anticipadamente-479-mdp-a-municipios-por-adeudos","status":"publish","type":"post","link":"https:\/\/elveracruzano.vip\/?p=2501","title":{"rendered":"Gobierno de Veracruz paga, anticipadamente, 479 mdp a municipios por adeudos"},"content":{"rendered":"\n<p><strong>#Xalapa, #Ver<\/strong>.- El Gobierno de Veracruz finiquit\u00f3, de manera anticipada, el pago de 479 millones de pesos a 52 municipios con resoluciones favorables de la Suprema Corte de Justicia de la Naci\u00f3n (SCJN), resultado de controversias constitucionales, promovidas por la omisi\u00f3n en la entrega de participaciones federales en el sexenio pasado.<\/p>\n\n\n\n<p>Resultado de la contenci\u00f3n del gasto p\u00fablico y disciplina financiera, pol\u00edticas p\u00fablicas implementadas por el gobernador Cuitl\u00e1huac Garc\u00eda Jim\u00e9nez, para cubrir los adeudos acumulados en los a\u00f1os 2010-2016 a los municipios, se lograron obtener los recursos necesarios para su finiquito y dar cumplimiento al acuerdo establecido en el calendario de pagos publicado el pasado 18 de febrero del a\u00f1o en curso en la Gaceta Oficial del Estado.<\/p>\n\n\n\n<p>\u201cSe hizo un gran esfuerzo para cumplir con cada uno de los compromisos y obligaciones de las administraciones pasadas con los municipios, pero tambi\u00e9n la instrucci\u00f3n del Gobernador ha sido pagar los pendientes que tra\u00edamos con otras dependencias como el del SAT, con proveedores y contratistas\u201d, asegur\u00f3 el titular de la Secretar\u00eda de Finanzas y Planeaci\u00f3n (SEFIPLAN), Jos\u00e9 Luis Lima Franco.<\/p>\n\n\n\n<p><strong>#ElVeracruzanoVIP<\/strong><\/p>\n","protected":false},"excerpt":{"rendered":"<p>#Xalapa, #Ver.- El Gobierno de Veracruz finiquit\u00f3, de manera anticipada, el pago de 479 millones de pesos a 52 municipios<\/p>\n","protected":false},"author":4,"featured_media":2502,"comment_status":"open","ping_status":"open","sticky":false,"template":"","format":"standard","meta":{"colormag_page_container_layout":"default_layout","colormag_page_sidebar_layout":"default_layout","rop_custom_images_group":[],"rop_custom_messages_group":[],"rop_publish_now":"initial","rop_publish_now_accounts":{"facebook_109133384920963_108472061465099":""},"rop_publish_now_history":[],"rop_publish_now_status":"pending","footnotes":""},"categories":[14],"tags":[17,26,20,18,19,84,21,23,22],"class_list":["post-2501","post","type-post","status-publish","format-standard","has-post-thumbnail","hentry","category-secretarias","tag-cuitlahuac-garcia-jimenez","tag-el-veracruzano-vip","tag-enterate","tag-gobierno-del-estado-de-veracruz","tag-redes-sociales","tag-secretaria-de-proteccion-civil-del-estado-de-veracruz","tag-ultima-hora","tag-ultimas-noticias","tag-ultimo-minuto"],"_links":{"self":[{"href":"https:\/\/elveracruzano.vip\/index.php?rest_route=\/wp\/v2\/posts\/2501","targetHints":{"allow":["GET"]}}],"collection":[{"href":"https:\/\/elveracruzano.vip\/index.php?rest_route=\/wp\/v2\/posts"}],"about":[{"href":"https:\/\/elveracruzano.vip\/index.php?rest_route=\/wp\/v2\/types\/post"}],"author":[{"embeddable":true,"href":"https:\/\/elveracruzano.vip\/index.php?rest_route=\/wp\/v2\/users\/4"}],"replies":[{"embeddable":true,"href":"https:\/\/elveracruzano.vip\/index.php?rest_route=%2Fwp%2Fv2%2Fcomments&post=2501"}],"version-history":[{"count":1,"href":"https:\/\/elveracruzano.vip\/index.php?rest_route=\/wp\/v2\/posts\/2501\/revisions"}],"predecessor-version":[{"id":2503,"href":"https:\/\/elveracruzano.vip\/index.php?rest_route=\/wp\/v2\/posts\/2501\/revisions\/2503"}],"wp:featuredmedia":[{"embeddable":true,"href":"https:\/\/elveracruzano.vip\/index.php?rest_route=\/wp\/v2\/media\/2502"}],"wp:attachment":[{"href":"https:\/\/elveracruzano.vip\/index.php?rest_route=%2Fwp%2Fv2%2Fmedia&parent=2501"}],"wp:term":[{"taxonomy":"category","embeddable":true,"href":"https:\/\/elveracruzano.vip\/index.php?rest_route=%2Fwp%2Fv2%2Fcategories&post=2501"},{"taxonomy":"post_tag","embeddable":true,"href":"https:\/\/elveracruzano.vip\/index.php?rest_route=%2Fwp%2Fv2%2Ftags&post=2501"}],"curies":[{"name":"wp","href":"https:\/\/api.w.org\/{rel}","templated":true}]}}