{"id":2495,"date":"2022-05-25T10:00:50","date_gmt":"2022-05-25T15:00:50","guid":{"rendered":"http:\/\/elveracruzano.vip\/?p=2495"},"modified":"2022-05-25T10:00:50","modified_gmt":"2022-05-25T15:00:50","slug":"principito-awake-festival-de-monologos","status":"publish","type":"post","link":"https:\/\/elveracruzano.vip\/?p=2495","title":{"rendered":"Principito Awake &#8211; Festival de Mon\u00f3logos"},"content":{"rendered":"\n<p><strong>#Eventos<\/strong>.- Este es el viaje de Em para encontrar su lugar en el mundo. Un mon\u00f3logo que mezcla realidad y fantas\u00eda donde El Principito &#8211; el ni\u00f1o interno que Em hab\u00eda olvidado- regresa una ma\u00f1ana a salvarla de su propia historia y llevarla en un viaje por la Luna, sus recuerdos, los agujeros negros y las estrellas.<\/p>\n\n\n\n<p>Una actriz, un texto original, un escenario minimalista y una \u00edntima experiencia de 75 minutos confrontar\u00e1n al p\u00fablico con su propio viaje.<\/p>\n\n\n\n<p>Principito Awake es un mon\u00f3logo de Jos\u00e9 Sampedro, protagonizado por Valeria Vera. Esta producci\u00f3n original de Casa Luz Inc. forma parte del festival de mon\u00f3logos RECIO y el Foro Shakespeare ser\u00e1 el hogar de la primera temporada de 8 funciones durante mayo y junio 2022.<\/p>\n\n\n\n<p><strong>#ElVeracruzanoVIP<\/strong><\/p>\n","protected":false},"excerpt":{"rendered":"<p>#Eventos.- Este es el viaje de Em para encontrar su lugar en el mundo. Un mon\u00f3logo que mezcla realidad y<\/p>\n","protected":false},"author":4,"featured_media":2496,"comment_status":"open","ping_status":"open","sticky":false,"template":"","format":"standard","meta":{"colormag_page_container_layout":"default_layout","colormag_page_sidebar_layout":"default_layout","rop_custom_images_group":[],"rop_custom_messages_group":[],"rop_publish_now":"initial","rop_publish_now_accounts":{"facebook_109133384920963_108472061465099":""},"rop_publish_now_history":[],"rop_publish_now_status":"pending","footnotes":""},"categories":[9],"tags":[26,20,19,21,23,22],"class_list":["post-2495","post","type-post","status-publish","format-standard","has-post-thumbnail","hentry","category-eventos-especiales","tag-el-veracruzano-vip","tag-enterate","tag-redes-sociales","tag-ultima-hora","tag-ultimas-noticias","tag-ultimo-minuto"],"_links":{"self":[{"href":"https:\/\/elveracruzano.vip\/index.php?rest_route=\/wp\/v2\/posts\/2495","targetHints":{"allow":["GET"]}}],"collection":[{"href":"https:\/\/elveracruzano.vip\/index.php?rest_route=\/wp\/v2\/posts"}],"about":[{"href":"https:\/\/elveracruzano.vip\/index.php?rest_route=\/wp\/v2\/types\/post"}],"author":[{"embeddable":true,"href":"https:\/\/elveracruzano.vip\/index.php?rest_route=\/wp\/v2\/users\/4"}],"replies":[{"embeddable":true,"href":"https:\/\/elveracruzano.vip\/index.php?rest_route=%2Fwp%2Fv2%2Fcomments&post=2495"}],"version-history":[{"count":1,"href":"https:\/\/elveracruzano.vip\/index.php?rest_route=\/wp\/v2\/posts\/2495\/revisions"}],"predecessor-version":[{"id":2497,"href":"https:\/\/elveracruzano.vip\/index.php?rest_route=\/wp\/v2\/posts\/2495\/revisions\/2497"}],"wp:featuredmedia":[{"embeddable":true,"href":"https:\/\/elveracruzano.vip\/index.php?rest_route=\/wp\/v2\/media\/2496"}],"wp:attachment":[{"href":"https:\/\/elveracruzano.vip\/index.php?rest_route=%2Fwp%2Fv2%2Fmedia&parent=2495"}],"wp:term":[{"taxonomy":"category","embeddable":true,"href":"https:\/\/elveracruzano.vip\/index.php?rest_route=%2Fwp%2Fv2%2Fcategories&post=2495"},{"taxonomy":"post_tag","embeddable":true,"href":"https:\/\/elveracruzano.vip\/index.php?rest_route=%2Fwp%2Fv2%2Ftags&post=2495"}],"curies":[{"name":"wp","href":"https:\/\/api.w.org\/{rel}","templated":true}]}}