{"id":2478,"date":"2022-05-25T16:44:00","date_gmt":"2022-05-25T21:44:00","guid":{"rendered":"http:\/\/elveracruzano.vip\/?p=2478"},"modified":"2022-05-25T09:47:05","modified_gmt":"2022-05-25T14:47:05","slug":"entrega-sedecop-dispositivos-de-cobro-a-mipymes-de-los-tuxtlas","status":"publish","type":"post","link":"https:\/\/elveracruzano.vip\/?p=2478","title":{"rendered":"Entrega SEDECOP dispositivos de cobro a MiPyMEs de Los Tuxtlas"},"content":{"rendered":"\n<p><strong>#Xalapa, #Ver<\/strong>.- La Secretar\u00eda de Desarrollo Econ\u00f3mico y Portuario (SEDECOP) realiz\u00f3 la primera sesi\u00f3n ordinaria del Consejo de Econom\u00eda Regional de Los Tuxtlas, donde entreg\u00f3 terminales de cobro digital a empresarios que participaron en la convocatoria del programa Impulso a la Digitalizaci\u00f3n de MiPyMEs Veracruzanas.<\/p>\n\n\n\n<p>Con esto, podr\u00e1n aceptar tarjetas de cr\u00e9dito y d\u00e9bito en los establecimientos, adem\u00e1s de generar reportes de las ventas realizadas, lo cual es parte de las estrategias encaminadas a potenciar la productividad en cada rinc\u00f3n del estado.<\/p>\n\n\n\n<p>Los integrantes del renovado Consejo fueron capacitados en la identificaci\u00f3n de incentivos econ\u00f3micos que detonen la competitividad, lo cual reitera el compromiso del Gobierno estatal de proveer las herramientas que les permitan contribuir en el desarrollo integral de Veracruz.<\/p>\n\n\n\n<p>Con la presencia del titular de la SEDECOP, Enrique Nach\u00f3n Garc\u00eda, el \u00f3rgano aprob\u00f3 el reglamento interior a fin de implementar acciones estructuradas y transparentes para agilizar la recepci\u00f3n y atenci\u00f3n de propuestas ante el Consejo de Econom\u00eda Estatal, al tiempo de contribuir a la mejora de los negocios mediante la promoci\u00f3n y fomento de inversi\u00f3n.<\/p>\n\n\n\n<p><strong>#ElVeracruzanoVip<\/strong><\/p>\n","protected":false},"excerpt":{"rendered":"<p>#Xalapa, #Ver.- La Secretar\u00eda de Desarrollo Econ\u00f3mico y Portuario (SEDECOP) realiz\u00f3 la primera sesi\u00f3n ordinaria del Consejo de Econom\u00eda Regional<\/p>\n","protected":false},"author":4,"featured_media":2479,"comment_status":"open","ping_status":"open","sticky":false,"template":"","format":"standard","meta":{"colormag_page_container_layout":"default_layout","colormag_page_sidebar_layout":"default_layout","rop_custom_images_group":[],"rop_custom_messages_group":[],"rop_publish_now":"initial","rop_publish_now_accounts":{"facebook_109133384920963_108472061465099":""},"rop_publish_now_history":[],"rop_publish_now_status":"pending","footnotes":""},"categories":[14],"tags":[17,26,20,18,19,84,21,23],"class_list":["post-2478","post","type-post","status-publish","format-standard","has-post-thumbnail","hentry","category-secretarias","tag-cuitlahuac-garcia-jimenez","tag-el-veracruzano-vip","tag-enterate","tag-gobierno-del-estado-de-veracruz","tag-redes-sociales","tag-secretaria-de-proteccion-civil-del-estado-de-veracruz","tag-ultima-hora","tag-ultimas-noticias"],"_links":{"self":[{"href":"https:\/\/elveracruzano.vip\/index.php?rest_route=\/wp\/v2\/posts\/2478","targetHints":{"allow":["GET"]}}],"collection":[{"href":"https:\/\/elveracruzano.vip\/index.php?rest_route=\/wp\/v2\/posts"}],"about":[{"href":"https:\/\/elveracruzano.vip\/index.php?rest_route=\/wp\/v2\/types\/post"}],"author":[{"embeddable":true,"href":"https:\/\/elveracruzano.vip\/index.php?rest_route=\/wp\/v2\/users\/4"}],"replies":[{"embeddable":true,"href":"https:\/\/elveracruzano.vip\/index.php?rest_route=%2Fwp%2Fv2%2Fcomments&post=2478"}],"version-history":[{"count":1,"href":"https:\/\/elveracruzano.vip\/index.php?rest_route=\/wp\/v2\/posts\/2478\/revisions"}],"predecessor-version":[{"id":2480,"href":"https:\/\/elveracruzano.vip\/index.php?rest_route=\/wp\/v2\/posts\/2478\/revisions\/2480"}],"wp:featuredmedia":[{"embeddable":true,"href":"https:\/\/elveracruzano.vip\/index.php?rest_route=\/wp\/v2\/media\/2479"}],"wp:attachment":[{"href":"https:\/\/elveracruzano.vip\/index.php?rest_route=%2Fwp%2Fv2%2Fmedia&parent=2478"}],"wp:term":[{"taxonomy":"category","embeddable":true,"href":"https:\/\/elveracruzano.vip\/index.php?rest_route=%2Fwp%2Fv2%2Fcategories&post=2478"},{"taxonomy":"post_tag","embeddable":true,"href":"https:\/\/elveracruzano.vip\/index.php?rest_route=%2Fwp%2Fv2%2Ftags&post=2478"}],"curies":[{"name":"wp","href":"https:\/\/api.w.org\/{rel}","templated":true}]}}