{"id":2468,"date":"2022-05-23T10:28:55","date_gmt":"2022-05-23T15:28:55","guid":{"rendered":"http:\/\/elveracruzano.vip\/?p=2468"},"modified":"2022-05-23T10:28:55","modified_gmt":"2022-05-23T15:28:55","slug":"1er-encuentro-convivencia-en-cultura-de-paz","status":"publish","type":"post","link":"https:\/\/elveracruzano.vip\/?p=2468","title":{"rendered":"1er Encuentro \u00abConvivencia en Cultura de Paz\u00bb"},"content":{"rendered":"\n<p><strong>#Eventos<\/strong>.- Convivir en paz consiste en aceptar las diferencias y tener la capacidad de escuchar, reconocer, respetar y apreciar a los dem\u00e1s, as\u00ed como vivir de forma pac\u00edfica y unida. Es un proceso positivo, din\u00e1mico y participativo en que se promueva el di\u00e1logo y se solucionen los conflictos en un esp\u00edritu de entendimiento y cooperaci\u00f3n mutuos.<\/p>\n\n\n\n<p>A prop\u00f3sito de la conmemoraci\u00f3n del \u00abD\u00eda Internacional de la Convivencia en Paz\u00bb, la\u00a0CEAVEM\u00a0ha preparado este encuentro, donde expertos nos compartir\u00e1n sus reflexiones en torno de la convivencia arm\u00f3nica en ambientes escolares y para la prevenci\u00f3n del delito.<\/p>\n\n\n\n<p>Del 23 al 27 de mayo<br>A las 5:00 PM<br>A trav\u00e9s de\u00a0FB Live<\/p>\n\n\n\n<p><strong>#ElVeracruzanoVip<\/strong><\/p>\n","protected":false},"excerpt":{"rendered":"<p>#Eventos.- Convivir en paz consiste en aceptar las diferencias y tener la capacidad de escuchar, reconocer, respetar y apreciar a<\/p>\n","protected":false},"author":4,"featured_media":2469,"comment_status":"open","ping_status":"open","sticky":false,"template":"","format":"standard","meta":{"colormag_page_container_layout":"default_layout","colormag_page_sidebar_layout":"default_layout","rop_custom_images_group":[],"rop_custom_messages_group":[],"rop_publish_now":"initial","rop_publish_now_accounts":{"facebook_109133384920963_108472061465099":""},"rop_publish_now_history":[],"rop_publish_now_status":"pending","footnotes":""},"categories":[9],"tags":[26,20,19,21,23,22],"class_list":["post-2468","post","type-post","status-publish","format-standard","has-post-thumbnail","hentry","category-eventos-especiales","tag-el-veracruzano-vip","tag-enterate","tag-redes-sociales","tag-ultima-hora","tag-ultimas-noticias","tag-ultimo-minuto"],"_links":{"self":[{"href":"https:\/\/elveracruzano.vip\/index.php?rest_route=\/wp\/v2\/posts\/2468","targetHints":{"allow":["GET"]}}],"collection":[{"href":"https:\/\/elveracruzano.vip\/index.php?rest_route=\/wp\/v2\/posts"}],"about":[{"href":"https:\/\/elveracruzano.vip\/index.php?rest_route=\/wp\/v2\/types\/post"}],"author":[{"embeddable":true,"href":"https:\/\/elveracruzano.vip\/index.php?rest_route=\/wp\/v2\/users\/4"}],"replies":[{"embeddable":true,"href":"https:\/\/elveracruzano.vip\/index.php?rest_route=%2Fwp%2Fv2%2Fcomments&post=2468"}],"version-history":[{"count":1,"href":"https:\/\/elveracruzano.vip\/index.php?rest_route=\/wp\/v2\/posts\/2468\/revisions"}],"predecessor-version":[{"id":2470,"href":"https:\/\/elveracruzano.vip\/index.php?rest_route=\/wp\/v2\/posts\/2468\/revisions\/2470"}],"wp:featuredmedia":[{"embeddable":true,"href":"https:\/\/elveracruzano.vip\/index.php?rest_route=\/wp\/v2\/media\/2469"}],"wp:attachment":[{"href":"https:\/\/elveracruzano.vip\/index.php?rest_route=%2Fwp%2Fv2%2Fmedia&parent=2468"}],"wp:term":[{"taxonomy":"category","embeddable":true,"href":"https:\/\/elveracruzano.vip\/index.php?rest_route=%2Fwp%2Fv2%2Fcategories&post=2468"},{"taxonomy":"post_tag","embeddable":true,"href":"https:\/\/elveracruzano.vip\/index.php?rest_route=%2Fwp%2Fv2%2Ftags&post=2468"}],"curies":[{"name":"wp","href":"https:\/\/api.w.org\/{rel}","templated":true}]}}