{"id":2433,"date":"2022-05-20T10:51:52","date_gmt":"2022-05-20T15:51:52","guid":{"rendered":"http:\/\/elveracruzano.vip\/?p=2433"},"modified":"2022-05-20T10:51:53","modified_gmt":"2022-05-20T15:51:53","slug":"brinda-veracruz-servicios-medicos-a-la-colonia-adolfo-lopez-mateos","status":"publish","type":"post","link":"https:\/\/elveracruzano.vip\/?p=2433","title":{"rendered":"Brinda Veracruz, servicios m\u00e9dicos a la Colonia Adolfo L\u00f3pez Mateos"},"content":{"rendered":"\n<p class=\"wp-block-paragraph\"><strong>#Veracruz, #Ver.<\/strong>&#8211; Sabemos que por la pandemia muchas familias no tuvieron la facilidad de realizase estudios m\u00e9dicos, por ello decidimos acercarnos con las Brigadas DIF, para ofrecer servicios de salud y del Ayuntamiento a los ciudadanos. <strong>#PatyLobeira<\/strong><\/p>\n\n\n\n<p class=\"wp-block-paragraph\">En esta ocasi\u00f3n la alcaldesa visito la Colonia Adolfo L\u00f3pez Mateos y convivi\u00f3 con sus vecinos. Estoy segura de que trabajando cerca de los veracruzanos daremos los mejores resultados, concluy\u00f3.<\/p>\n\n\n\n<div class=\"wp-block-image\"><figure class=\"aligncenter size-full is-resized\"><img loading=\"lazy\" decoding=\"async\" src=\"http:\/\/elveracruzano.vip\/wp-content\/uploads\/2022\/05\/veram2.png\" alt=\"\" class=\"wp-image-2434\" width=\"610\" height=\"353\" srcset=\"https:\/\/elveracruzano.vip\/wp-content\/uploads\/2022\/05\/veram2.png 940w, https:\/\/elveracruzano.vip\/wp-content\/uploads\/2022\/05\/veram2-300x174.png 300w, https:\/\/elveracruzano.vip\/wp-content\/uploads\/2022\/05\/veram2-768x444.png 768w, https:\/\/elveracruzano.vip\/wp-content\/uploads\/2022\/05\/veram2-600x347.png 600w\" sizes=\"auto, (max-width: 610px) 100vw, 610px\" \/><\/figure><\/div>\n\n\n\n<p class=\"wp-block-paragraph\"><strong>#ElVeracruzanoVip<\/strong><\/p>\n","protected":false},"excerpt":{"rendered":"<p>#Veracruz, #Ver.&#8211; Sabemos que por la pandemia muchas familias no tuvieron la facilidad de realizase estudios m\u00e9dicos, por ello decidimos<\/p>\n","protected":false},"author":4,"featured_media":2435,"comment_status":"open","ping_status":"open","sticky":false,"template":"","format":"standard","meta":{"colormag_page_container_layout":"default_layout","colormag_page_sidebar_layout":"default_layout","rop_custom_images_group":[],"rop_custom_messages_group":[],"rop_publish_now":"initial","rop_publish_now_accounts":{"facebook_109133384920963_108472061465099":""},"rop_publish_now_history":[],"rop_publish_now_status":"pending","footnotes":""},"categories":[8],"tags":[17,26,20,18,69,58,19,21,23,22,90],"class_list":["post-2433","post","type-post","status-publish","format-standard","has-post-thumbnail","hentry","category-alcaldesas","tag-cuitlahuac-garcia-jimenez","tag-el-veracruzano-vip","tag-enterate","tag-gobierno-del-estado-de-veracruz","tag-municipio-de-veracruz","tag-paty-lobeira-de-yunes","tag-redes-sociales","tag-ultima-hora","tag-ultimas-noticias","tag-ultimo-minuto","tag-veracruz-ciudad-y-puerto"],"_links":{"self":[{"href":"https:\/\/elveracruzano.vip\/index.php?rest_route=\/wp\/v2\/posts\/2433","targetHints":{"allow":["GET"]}}],"collection":[{"href":"https:\/\/elveracruzano.vip\/index.php?rest_route=\/wp\/v2\/posts"}],"about":[{"href":"https:\/\/elveracruzano.vip\/index.php?rest_route=\/wp\/v2\/types\/post"}],"author":[{"embeddable":true,"href":"https:\/\/elveracruzano.vip\/index.php?rest_route=\/wp\/v2\/users\/4"}],"replies":[{"embeddable":true,"href":"https:\/\/elveracruzano.vip\/index.php?rest_route=%2Fwp%2Fv2%2Fcomments&post=2433"}],"version-history":[{"count":1,"href":"https:\/\/elveracruzano.vip\/index.php?rest_route=\/wp\/v2\/posts\/2433\/revisions"}],"predecessor-version":[{"id":2436,"href":"https:\/\/elveracruzano.vip\/index.php?rest_route=\/wp\/v2\/posts\/2433\/revisions\/2436"}],"wp:featuredmedia":[{"embeddable":true,"href":"https:\/\/elveracruzano.vip\/index.php?rest_route=\/wp\/v2\/media\/2435"}],"wp:attachment":[{"href":"https:\/\/elveracruzano.vip\/index.php?rest_route=%2Fwp%2Fv2%2Fmedia&parent=2433"}],"wp:term":[{"taxonomy":"category","embeddable":true,"href":"https:\/\/elveracruzano.vip\/index.php?rest_route=%2Fwp%2Fv2%2Fcategories&post=2433"},{"taxonomy":"post_tag","embeddable":true,"href":"https:\/\/elveracruzano.vip\/index.php?rest_route=%2Fwp%2Fv2%2Ftags&post=2433"}],"curies":[{"name":"wp","href":"https:\/\/api.w.org\/{rel}","templated":true}]}}