{"id":2370,"date":"2022-05-16T14:36:00","date_gmt":"2022-05-16T19:36:00","guid":{"rendered":"http:\/\/elveracruzano.vip\/?p=2370"},"modified":"2022-05-16T10:37:48","modified_gmt":"2022-05-16T15:37:48","slug":"reconoce-sev-labor-educativa-de-docentes-durante-la-emergencia-sanitaria","status":"publish","type":"post","link":"https:\/\/elveracruzano.vip\/?p=2370","title":{"rendered":"Reconoce SEV labor educativa de docentes durante la emergencia sanitaria"},"content":{"rendered":"\n<p><strong>#Xalapa, #Ver.<\/strong>&#8211;  La Secretar\u00eda de Educaci\u00f3n de Veracruz (SEV) entreg\u00f3 reconocimientos a 61 maestras y maestros que colaboraron en las estrategias federales y estatales Aprende en Casa III y Veracruz Educando a Distancia.<\/p>\n\n\n\n<p>Estos esquemas produjeron, tan s\u00f3lo en el Ciclo Escolar 2019-2020 de educaci\u00f3n b\u00e1sica, m\u00e1s de 922 horas de transmisi\u00f3n de clases por radio, dise\u00f1adas con el apoyo de asesores t\u00e9cnico-pedag\u00f3gicos y docentes frente a grupo, con un alcance estimado de 1 mill\u00f3n 350 mil 377 estudiantes.<\/p>\n\n\n\n<p>Elaboraron material de reforzamiento en diversas asignaturas para mejorar el aprendizaje, principalmente aquellos en riesgo de reprobaci\u00f3n, bajo logro educativo o tendencia a abandonar sus estudios; resaltando el trabajo colaborativo entre la comunidad escolar y las madres y padres de familia.<\/p>\n\n\n\n<p>En el auditorio \u201cSebasti\u00e1n Lerdo de Tejada\u201d del Congreso local, el titular de la dependencia, Zenyazen Escobar Garc\u00eda, destac\u00f3 el gran compromiso de las y los educadores para dar continuidad al plan de estudio vigente, as\u00ed como los resultados de las c\u00e1psulas educativas de espa\u00f1ol, matem\u00e1ticas, ciencias, ingl\u00e9s y n\u00e1huatl, con el apoyo de Radio Televisi\u00f3n de Veracruz (RTV).<\/p>\n\n\n\n<p><strong>#ElVeracruzanoVip<\/strong><\/p>\n","protected":false},"excerpt":{"rendered":"<p>#Xalapa, #Ver.&#8211; La Secretar\u00eda de Educaci\u00f3n de Veracruz (SEV) entreg\u00f3 reconocimientos a 61 maestras y maestros que colaboraron en las<\/p>\n","protected":false},"author":4,"featured_media":2371,"comment_status":"open","ping_status":"open","sticky":false,"template":"","format":"standard","meta":{"colormag_page_container_layout":"default_layout","colormag_page_sidebar_layout":"default_layout","rop_custom_images_group":[],"rop_custom_messages_group":[],"rop_publish_now":"initial","rop_publish_now_accounts":{"facebook_109133384920963_108472061465099":""},"rop_publish_now_history":[],"rop_publish_now_status":"pending","footnotes":""},"categories":[14],"tags":[17,26,20,18,19,21,23,22],"class_list":["post-2370","post","type-post","status-publish","format-standard","has-post-thumbnail","hentry","category-secretarias","tag-cuitlahuac-garcia-jimenez","tag-el-veracruzano-vip","tag-enterate","tag-gobierno-del-estado-de-veracruz","tag-redes-sociales","tag-ultima-hora","tag-ultimas-noticias","tag-ultimo-minuto"],"_links":{"self":[{"href":"https:\/\/elveracruzano.vip\/index.php?rest_route=\/wp\/v2\/posts\/2370","targetHints":{"allow":["GET"]}}],"collection":[{"href":"https:\/\/elveracruzano.vip\/index.php?rest_route=\/wp\/v2\/posts"}],"about":[{"href":"https:\/\/elveracruzano.vip\/index.php?rest_route=\/wp\/v2\/types\/post"}],"author":[{"embeddable":true,"href":"https:\/\/elveracruzano.vip\/index.php?rest_route=\/wp\/v2\/users\/4"}],"replies":[{"embeddable":true,"href":"https:\/\/elveracruzano.vip\/index.php?rest_route=%2Fwp%2Fv2%2Fcomments&post=2370"}],"version-history":[{"count":1,"href":"https:\/\/elveracruzano.vip\/index.php?rest_route=\/wp\/v2\/posts\/2370\/revisions"}],"predecessor-version":[{"id":2372,"href":"https:\/\/elveracruzano.vip\/index.php?rest_route=\/wp\/v2\/posts\/2370\/revisions\/2372"}],"wp:featuredmedia":[{"embeddable":true,"href":"https:\/\/elveracruzano.vip\/index.php?rest_route=\/wp\/v2\/media\/2371"}],"wp:attachment":[{"href":"https:\/\/elveracruzano.vip\/index.php?rest_route=%2Fwp%2Fv2%2Fmedia&parent=2370"}],"wp:term":[{"taxonomy":"category","embeddable":true,"href":"https:\/\/elveracruzano.vip\/index.php?rest_route=%2Fwp%2Fv2%2Fcategories&post=2370"},{"taxonomy":"post_tag","embeddable":true,"href":"https:\/\/elveracruzano.vip\/index.php?rest_route=%2Fwp%2Fv2%2Ftags&post=2370"}],"curies":[{"name":"wp","href":"https:\/\/api.w.org\/{rel}","templated":true}]}}