{"id":2367,"date":"2022-05-16T10:36:10","date_gmt":"2022-05-16T15:36:10","guid":{"rendered":"http:\/\/elveracruzano.vip\/?p=2367"},"modified":"2022-05-16T10:36:10","modified_gmt":"2022-05-16T15:36:10","slug":"gobierno-de-veracruz-recibe-nueva-concesion-por-15-anos-de-rtv","status":"publish","type":"post","link":"https:\/\/elveracruzano.vip\/?p=2367","title":{"rendered":"Gobierno de Veracruz recibe nueva concesi\u00f3n por 15 a\u00f1os de RTV"},"content":{"rendered":"\n<p><strong>#GobiernoDeVeracruz<\/strong>.- El Gobierno de Veracruz recibi\u00f3 la nueva concesi\u00f3n para usar y aprovechar bandas de frecuencia del espectro radioel\u00e9ctrico de uso p\u00fablico, materializado mediante la repetidora de Las Lajas, que ya el pasado 15 de diciembre el pleno del Instituto Federal de Telecomunicaciones (IFT) aprob\u00f3 a Radio Televisi\u00f3n de Veracruz (RTV).<\/p>\n\n\n\n<p>Este jueves, el gobernador Cuitl\u00e1huac Garc\u00eda Jim\u00e9nez, acompa\u00f1ado por el coordinador general de Comunicaci\u00f3n Social, Iv\u00e1n Joseph Luna Landa, y el director general de RTV, V\u00edctor Hugo Cisneros Hern\u00e1ndez, destac\u00f3 la relevancia de la retransmisora por ser la de mayor potencial de cobertura en las regiones de Xalapa, Poza Rica y Veracruz.<\/p>\n\n\n\n<p>\u201cRTV es patrimonio; durante la contingencia sanitaria fue a trav\u00e9s de la radio y la televisi\u00f3n que la Secretar\u00eda de Educaci\u00f3n de Veracruz (SEV) logr\u00f3 acercar la oferta educativa y consolidar programas importantes como Veracruz educando a distancia, Aprende en casa III y Matem\u00e1ticas para todos, este \u00faltimo reconocido a nivel nacional\u201d.<\/p>\n\n\n\n<p>El siguiente paso es agilizar el proceso de digitalizaci\u00f3n en la zona C\u00f3rdoba-Orizaba, considerando como punto el cerro de Macuil\u00e1catl en La Perla, y con ello extender la cobertura a 35 municipios donde la mayor\u00eda de la poblaci\u00f3n es ind\u00edgena, inform\u00f3 Luna Landa, al tiempo de solicitar el acompa\u00f1amiento del Instituto.<\/p>\n\n\n\n<p><strong>#ElVeracruzanoVip<\/strong><\/p>\n","protected":false},"excerpt":{"rendered":"<p>#GobiernoDeVeracruz.- El Gobierno de Veracruz recibi\u00f3 la nueva concesi\u00f3n para usar y aprovechar bandas de frecuencia del espectro radioel\u00e9ctrico de<\/p>\n","protected":false},"author":4,"featured_media":2368,"comment_status":"open","ping_status":"open","sticky":false,"template":"","format":"standard","meta":{"colormag_page_container_layout":"default_layout","colormag_page_sidebar_layout":"default_layout","rop_custom_images_group":[],"rop_custom_messages_group":[],"rop_publish_now":"initial","rop_publish_now_accounts":{"facebook_109133384920963_108472061465099":""},"rop_publish_now_history":[],"rop_publish_now_status":"pending","footnotes":""},"categories":[13],"tags":[26,20,18,19,21,23,22],"class_list":["post-2367","post","type-post","status-publish","format-standard","has-post-thumbnail","hentry","category-principales","tag-el-veracruzano-vip","tag-enterate","tag-gobierno-del-estado-de-veracruz","tag-redes-sociales","tag-ultima-hora","tag-ultimas-noticias","tag-ultimo-minuto"],"_links":{"self":[{"href":"https:\/\/elveracruzano.vip\/index.php?rest_route=\/wp\/v2\/posts\/2367","targetHints":{"allow":["GET"]}}],"collection":[{"href":"https:\/\/elveracruzano.vip\/index.php?rest_route=\/wp\/v2\/posts"}],"about":[{"href":"https:\/\/elveracruzano.vip\/index.php?rest_route=\/wp\/v2\/types\/post"}],"author":[{"embeddable":true,"href":"https:\/\/elveracruzano.vip\/index.php?rest_route=\/wp\/v2\/users\/4"}],"replies":[{"embeddable":true,"href":"https:\/\/elveracruzano.vip\/index.php?rest_route=%2Fwp%2Fv2%2Fcomments&post=2367"}],"version-history":[{"count":1,"href":"https:\/\/elveracruzano.vip\/index.php?rest_route=\/wp\/v2\/posts\/2367\/revisions"}],"predecessor-version":[{"id":2369,"href":"https:\/\/elveracruzano.vip\/index.php?rest_route=\/wp\/v2\/posts\/2367\/revisions\/2369"}],"wp:featuredmedia":[{"embeddable":true,"href":"https:\/\/elveracruzano.vip\/index.php?rest_route=\/wp\/v2\/media\/2368"}],"wp:attachment":[{"href":"https:\/\/elveracruzano.vip\/index.php?rest_route=%2Fwp%2Fv2%2Fmedia&parent=2367"}],"wp:term":[{"taxonomy":"category","embeddable":true,"href":"https:\/\/elveracruzano.vip\/index.php?rest_route=%2Fwp%2Fv2%2Fcategories&post=2367"},{"taxonomy":"post_tag","embeddable":true,"href":"https:\/\/elveracruzano.vip\/index.php?rest_route=%2Fwp%2Fv2%2Ftags&post=2367"}],"curies":[{"name":"wp","href":"https:\/\/api.w.org\/{rel}","templated":true}]}}