{"id":2322,"date":"2022-05-06T10:20:51","date_gmt":"2022-05-06T15:20:51","guid":{"rendered":"http:\/\/elveracruzano.vip\/?p=2322"},"modified":"2022-05-06T10:24:46","modified_gmt":"2022-05-06T15:24:46","slug":"con-la-entrega-de-560-pollitas-de-alta-postura-benefician-a-20-familias-coatepecanas","status":"publish","type":"post","link":"https:\/\/elveracruzano.vip\/?p=2322","title":{"rendered":"Con la entrega de 560 pollitas de alta postura, benefician a  20 familias coatepecanas"},"content":{"rendered":"\n<p><strong>#Coatepec, #Ver<\/strong>.- Me dio mucho gusto estar presente en la entrega del \u00abPrograma Apoy\u00e1ndote\u00bb organizado por la sub direcci\u00f3n de desarrollo social en donde se benefici\u00f3 a 20 familias coatepecanas con 560 pollitas ponedoras que servir\u00e1n para la producci\u00f3n de granjas familiares y esto representar\u00e1 un ingreso extra para las familias, expres\u00f3 Raymundo Andrade, alcalde municipal. <\/p>\n\n\n\n<p>Para mayores informes de este y otros programas sociales, Coatepec solicita acudir a las oficinas de la sub direcci\u00f3n de desarrollo social en el palacio municipal.<\/p>\n\n\n\n<div class=\"wp-block-image\"><figure class=\"aligncenter size-full is-resized\"><img loading=\"lazy\" decoding=\"async\" src=\"http:\/\/elveracruzano.vip\/wp-content\/uploads\/2022\/05\/coa-1.jpg\" alt=\"\" class=\"wp-image-2323\" width=\"553\" height=\"369\" srcset=\"https:\/\/elveracruzano.vip\/wp-content\/uploads\/2022\/05\/coa-1.jpg 960w, https:\/\/elveracruzano.vip\/wp-content\/uploads\/2022\/05\/coa-1-300x200.jpg 300w, https:\/\/elveracruzano.vip\/wp-content\/uploads\/2022\/05\/coa-1-768x512.jpg 768w, https:\/\/elveracruzano.vip\/wp-content\/uploads\/2022\/05\/coa-1-600x400.jpg 600w\" sizes=\"auto, (max-width: 553px) 100vw, 553px\" \/><\/figure><\/div>\n\n\n\n<p><strong>#ElVeracruzanoVip<\/strong><\/p>\n","protected":false},"excerpt":{"rendered":"<p>#Coatepec, #Ver.- Me dio mucho gusto estar presente en la entrega del \u00abPrograma Apoy\u00e1ndote\u00bb organizado por la sub direcci\u00f3n de<\/p>\n","protected":false},"author":4,"featured_media":2324,"comment_status":"open","ping_status":"open","sticky":false,"template":"","format":"standard","meta":{"colormag_page_container_layout":"default_layout","colormag_page_sidebar_layout":"default_layout","rop_custom_images_group":[],"rop_custom_messages_group":[],"rop_publish_now":"initial","rop_publish_now_accounts":{"facebook_109133384920963_108472061465099":""},"rop_publish_now_history":[],"rop_publish_now_status":"pending","footnotes":""},"categories":[10],"tags":[17,50,26,20,18,83,73,19,21,23,22],"class_list":["post-2322","post","type-post","status-publish","format-standard","has-post-thumbnail","hentry","category-municipios","tag-cuitlahuac-garcia-jimenez","tag-dif-coatepec","tag-el-veracruzano-vip","tag-enterate","tag-gobierno-del-estado-de-veracruz","tag-gobierno-municipal-de-coatepec","tag-raymundo-andrade-rivera","tag-redes-sociales","tag-ultima-hora","tag-ultimas-noticias","tag-ultimo-minuto"],"_links":{"self":[{"href":"https:\/\/elveracruzano.vip\/index.php?rest_route=\/wp\/v2\/posts\/2322","targetHints":{"allow":["GET"]}}],"collection":[{"href":"https:\/\/elveracruzano.vip\/index.php?rest_route=\/wp\/v2\/posts"}],"about":[{"href":"https:\/\/elveracruzano.vip\/index.php?rest_route=\/wp\/v2\/types\/post"}],"author":[{"embeddable":true,"href":"https:\/\/elveracruzano.vip\/index.php?rest_route=\/wp\/v2\/users\/4"}],"replies":[{"embeddable":true,"href":"https:\/\/elveracruzano.vip\/index.php?rest_route=%2Fwp%2Fv2%2Fcomments&post=2322"}],"version-history":[{"count":1,"href":"https:\/\/elveracruzano.vip\/index.php?rest_route=\/wp\/v2\/posts\/2322\/revisions"}],"predecessor-version":[{"id":2325,"href":"https:\/\/elveracruzano.vip\/index.php?rest_route=\/wp\/v2\/posts\/2322\/revisions\/2325"}],"wp:featuredmedia":[{"embeddable":true,"href":"https:\/\/elveracruzano.vip\/index.php?rest_route=\/wp\/v2\/media\/2324"}],"wp:attachment":[{"href":"https:\/\/elveracruzano.vip\/index.php?rest_route=%2Fwp%2Fv2%2Fmedia&parent=2322"}],"wp:term":[{"taxonomy":"category","embeddable":true,"href":"https:\/\/elveracruzano.vip\/index.php?rest_route=%2Fwp%2Fv2%2Fcategories&post=2322"},{"taxonomy":"post_tag","embeddable":true,"href":"https:\/\/elveracruzano.vip\/index.php?rest_route=%2Fwp%2Fv2%2Ftags&post=2322"}],"curies":[{"name":"wp","href":"https:\/\/api.w.org\/{rel}","templated":true}]}}