{"id":2309,"date":"2022-05-06T10:05:49","date_gmt":"2022-05-06T15:05:49","guid":{"rendered":"http:\/\/elveracruzano.vip\/?p=2309"},"modified":"2022-05-06T10:05:50","modified_gmt":"2022-05-06T15:05:50","slug":"coordinamos-acciones-contra-incendios-en-la-zona-norte-destaca-el-gobernador","status":"publish","type":"post","link":"https:\/\/elveracruzano.vip\/?p=2309","title":{"rendered":"Coordinamos acciones contra incendios en la zona norte; destaca el Gobernador"},"content":{"rendered":"\n<p><strong>#Tuxpan, #Ver<\/strong>.- El gobernador Cuitl\u00e1huac Garc\u00eda Jim\u00e9nez convoc\u00f3 a las autoridades de los tres \u00f3rdenes a mantener la coordinaci\u00f3n en tareas de combate a incendios forestales, mejorar las capacidades y dimensionar las acciones a fin de ser eficaces y evitar distraer a la mayor\u00eda de fuerzas de tarea en eventos poco relevantes.<\/p>\n\n\n\n<p>En presencia de alcaldes de la regi\u00f3n norte y mandos del Ej\u00e9rcito Mexicano, el mandatario confi\u00f3 en que juntos podr\u00e1n sortear esta temporada de intensos calores en la cual, pese a que ha habido m\u00e1s incendios que en otros a\u00f1os, la superficie afectada es menor; \u201cni siquiera el 50 por ciento de lo acontecido anteriormente\u201d.<\/p>\n\n\n\n<p>Destac\u00f3 el compromiso de los servidores p\u00fablicos y la participaci\u00f3n de grupos voluntarios en labores de contenci\u00f3n, al tiempo de exhortarlos a atacar las principales causas que son las quemas agr\u00edcolas, descuido de fumadores y caza ilegal con esquemas enfocados en la prevenci\u00f3n; \u201chay que mantener este ritmo y saldremos beneficiados todos\u201d.<\/p>\n\n\n\n<p>El titular de la Secretar\u00eda de Medio Ambiente (SEDEMA), Juan Carlos Contreras Bautista, dijo que al corte del 28 de abril de este a\u00f1o han sido registrados 150 incendios forestales que afectaron mil 073 hect\u00e1reas en el norte, 53% menos que en 2021; en comparaci\u00f3n con 335 eventos reportados entre 2005 y 2022 que asolaron 4 mil 520 hect\u00e1reas, un 9.11 por ciento del territorio veracruzano.<\/p>\n\n\n\n<p><strong>#ElVeracruzanoVip<\/strong><\/p>\n","protected":false},"excerpt":{"rendered":"<p>#Tuxpan, #Ver.- El gobernador Cuitl\u00e1huac Garc\u00eda Jim\u00e9nez convoc\u00f3 a las autoridades de los tres \u00f3rdenes a mantener la coordinaci\u00f3n en<\/p>\n","protected":false},"author":4,"featured_media":2310,"comment_status":"open","ping_status":"open","sticky":false,"template":"","format":"standard","meta":{"colormag_page_container_layout":"default_layout","colormag_page_sidebar_layout":"default_layout","rop_custom_images_group":[],"rop_custom_messages_group":[],"rop_publish_now":"initial","rop_publish_now_accounts":{"facebook_109133384920963_108472061465099":""},"rop_publish_now_history":[],"rop_publish_now_status":"pending","footnotes":""},"categories":[13],"tags":[17,26,20,18,19,84,21,23,22],"class_list":["post-2309","post","type-post","status-publish","format-standard","has-post-thumbnail","hentry","category-principales","tag-cuitlahuac-garcia-jimenez","tag-el-veracruzano-vip","tag-enterate","tag-gobierno-del-estado-de-veracruz","tag-redes-sociales","tag-secretaria-de-proteccion-civil-del-estado-de-veracruz","tag-ultima-hora","tag-ultimas-noticias","tag-ultimo-minuto"],"_links":{"self":[{"href":"https:\/\/elveracruzano.vip\/index.php?rest_route=\/wp\/v2\/posts\/2309","targetHints":{"allow":["GET"]}}],"collection":[{"href":"https:\/\/elveracruzano.vip\/index.php?rest_route=\/wp\/v2\/posts"}],"about":[{"href":"https:\/\/elveracruzano.vip\/index.php?rest_route=\/wp\/v2\/types\/post"}],"author":[{"embeddable":true,"href":"https:\/\/elveracruzano.vip\/index.php?rest_route=\/wp\/v2\/users\/4"}],"replies":[{"embeddable":true,"href":"https:\/\/elveracruzano.vip\/index.php?rest_route=%2Fwp%2Fv2%2Fcomments&post=2309"}],"version-history":[{"count":1,"href":"https:\/\/elveracruzano.vip\/index.php?rest_route=\/wp\/v2\/posts\/2309\/revisions"}],"predecessor-version":[{"id":2311,"href":"https:\/\/elveracruzano.vip\/index.php?rest_route=\/wp\/v2\/posts\/2309\/revisions\/2311"}],"wp:featuredmedia":[{"embeddable":true,"href":"https:\/\/elveracruzano.vip\/index.php?rest_route=\/wp\/v2\/media\/2310"}],"wp:attachment":[{"href":"https:\/\/elveracruzano.vip\/index.php?rest_route=%2Fwp%2Fv2%2Fmedia&parent=2309"}],"wp:term":[{"taxonomy":"category","embeddable":true,"href":"https:\/\/elveracruzano.vip\/index.php?rest_route=%2Fwp%2Fv2%2Fcategories&post=2309"},{"taxonomy":"post_tag","embeddable":true,"href":"https:\/\/elveracruzano.vip\/index.php?rest_route=%2Fwp%2Fv2%2Ftags&post=2309"}],"curies":[{"name":"wp","href":"https:\/\/api.w.org\/{rel}","templated":true}]}}