{"id":2302,"date":"2022-05-04T10:50:23","date_gmt":"2022-05-04T15:50:23","guid":{"rendered":"http:\/\/elveracruzano.vip\/?p=2302"},"modified":"2022-05-04T10:50:23","modified_gmt":"2022-05-04T15:50:23","slug":"activan-programa-para-jovenes-emprendedores-de-coatzacoalcos","status":"publish","type":"post","link":"https:\/\/elveracruzano.vip\/?p=2302","title":{"rendered":"Activan programa para j\u00f3venes emprendedores de Coatzacoalcos"},"content":{"rendered":"\n<p class=\"wp-block-paragraph\"><strong>#Coatzacoalcos, #Ver.<\/strong>&#8211;  El Director del Instituto Mexicano de la Juventud (IMJUVE), Guillermo Rafael Santiago Rodr\u00edguez, reconoci\u00f3 que Coatzacoalcos ser\u00e1 eje central del desarrollo de nuestro pa\u00eds por el Corredor Interoce\u00e1nico, por lo que invit\u00f3 a los emprendedores a sumarse al \u2018Programa de Estrategia Nacional de Comercializaci\u00f3n de los Productos que Elaboren las Personas J\u00f3venes\u2019.<\/p>\n\n\n\n<p class=\"wp-block-paragraph\">\u201cEstamos levantando un diagn\u00f3stico en todo el pa\u00eds de emprendimientos, cooperativas, grupos productivos que tengan j\u00f3venes para ayudarles, si ustedes conocen a alguien y que necesite mejorarlo, p\u00eddanle que se registre\u201d, expres\u00f3.<\/p>\n\n\n\n<p class=\"wp-block-paragraph\">Durante su asistencia al evento \u201cPerspectivas de Juventudes\u201d, donde acudi\u00f3 el Presidente Municipal, Amado Cruz Malpica, y el Director del Instituto Veracruzano de la Juventud, Jonathan Yunuel Ram\u00edrez Mart\u00ednez, el funcionario federal solicit\u00f3 a las autoridades municipales ser enlace para aplicar esta Estrategia en Coatzacoalcos.<\/p>\n\n\n\n<p class=\"wp-block-paragraph\">\u201cLe pedimos al Presidente y la Directora Jocelyn L\u00f3pez Rivera, nos ayuden con este levantamiento, todos los j\u00f3venes que se registren vamos a capacitarlos de manera gratuita en registro de marca o patente y proceso de producci\u00f3n de manera virtual y presencial\u201d, expuso.<\/p>\n\n\n\n<p class=\"wp-block-paragraph\"><strong>#ElVeracruzanoVip<\/strong><\/p>\n","protected":false},"excerpt":{"rendered":"<p>#Coatzacoalcos, #Ver.&#8211; El Director del Instituto Mexicano de la Juventud (IMJUVE), Guillermo Rafael Santiago Rodr\u00edguez, reconoci\u00f3 que Coatzacoalcos ser\u00e1 eje<\/p>\n","protected":false},"author":4,"featured_media":2303,"comment_status":"open","ping_status":"open","sticky":false,"template":"","format":"standard","meta":{"colormag_page_container_layout":"default_layout","colormag_page_sidebar_layout":"default_layout","rop_custom_images_group":[],"rop_custom_messages_group":[],"rop_publish_now":"initial","rop_publish_now_accounts":{"facebook_109133384920963_108472061465099":""},"rop_publish_now_history":[],"rop_publish_now_status":"pending","footnotes":""},"categories":[10],"tags":[37,17,26,20,18,19,21,23,22],"class_list":["post-2302","post","type-post","status-publish","format-standard","has-post-thumbnail","hentry","category-municipios","tag-coatzacoalcos","tag-cuitlahuac-garcia-jimenez","tag-el-veracruzano-vip","tag-enterate","tag-gobierno-del-estado-de-veracruz","tag-redes-sociales","tag-ultima-hora","tag-ultimas-noticias","tag-ultimo-minuto"],"_links":{"self":[{"href":"https:\/\/elveracruzano.vip\/index.php?rest_route=\/wp\/v2\/posts\/2302","targetHints":{"allow":["GET"]}}],"collection":[{"href":"https:\/\/elveracruzano.vip\/index.php?rest_route=\/wp\/v2\/posts"}],"about":[{"href":"https:\/\/elveracruzano.vip\/index.php?rest_route=\/wp\/v2\/types\/post"}],"author":[{"embeddable":true,"href":"https:\/\/elveracruzano.vip\/index.php?rest_route=\/wp\/v2\/users\/4"}],"replies":[{"embeddable":true,"href":"https:\/\/elveracruzano.vip\/index.php?rest_route=%2Fwp%2Fv2%2Fcomments&post=2302"}],"version-history":[{"count":1,"href":"https:\/\/elveracruzano.vip\/index.php?rest_route=\/wp\/v2\/posts\/2302\/revisions"}],"predecessor-version":[{"id":2304,"href":"https:\/\/elveracruzano.vip\/index.php?rest_route=\/wp\/v2\/posts\/2302\/revisions\/2304"}],"wp:featuredmedia":[{"embeddable":true,"href":"https:\/\/elveracruzano.vip\/index.php?rest_route=\/wp\/v2\/media\/2303"}],"wp:attachment":[{"href":"https:\/\/elveracruzano.vip\/index.php?rest_route=%2Fwp%2Fv2%2Fmedia&parent=2302"}],"wp:term":[{"taxonomy":"category","embeddable":true,"href":"https:\/\/elveracruzano.vip\/index.php?rest_route=%2Fwp%2Fv2%2Fcategories&post=2302"},{"taxonomy":"post_tag","embeddable":true,"href":"https:\/\/elveracruzano.vip\/index.php?rest_route=%2Fwp%2Fv2%2Ftags&post=2302"}],"curies":[{"name":"wp","href":"https:\/\/api.w.org\/{rel}","templated":true}]}}