{"id":2293,"date":"2022-05-04T10:43:34","date_gmt":"2022-05-04T15:43:34","guid":{"rendered":"http:\/\/elveracruzano.vip\/?p=2293"},"modified":"2022-05-04T10:43:35","modified_gmt":"2022-05-04T15:43:35","slug":"conmemoran-autoridades-de-cordoba-dia-municipal-de-prevencion-de-desastres-quimicos-y-ambientales","status":"publish","type":"post","link":"https:\/\/elveracruzano.vip\/?p=2293","title":{"rendered":"Conmemoran autoridades de C\u00f3rdoba, \u201cD\u00eda Municipal de Prevenci\u00f3n de Desastres Qu\u00edmicos y Ambientales\u201d"},"content":{"rendered":"\n<p><strong>#C\u00f3rdoba, #Ver<\/strong>.- Autoridades de C\u00f3rdoba, integrantes de la Asociaci\u00f3n de Asistencia a los Afectados de Anaversa, as\u00ed como cuerpos de auxilio conmemoraron por primera ocasi\u00f3n en 31 a\u00f1os, el \u201cD\u00eda Municipal de Prevenci\u00f3n de Desastres Qu\u00edmicos y Ambientales\u201d, en memoria del siniestro ocurrido el 3 de mayo de 1991.<\/p>\n\n\n\n<p>El Presidente Juan Mart\u00ednez Flores, dijo que se realiz\u00f3 la conmemoraci\u00f3n luctuosa a la tragedia ambiental, ya que C\u00f3rdoba tiene un gobierno sensible a las demandas sociales que escucha y rechaza la indiferencia.<\/p>\n\n\n\n<p>\u00abNi olvido, ni indiferencia. Hoy estamos aqu\u00ed para recordar el siniestro de Anaversa como un compromiso presente del actual gobierno a la prevenci\u00f3n de los desastres y garantizar las pol\u00edticas de protecci\u00f3n civil para el bienestar de nuestra gente\u00bb, dijo la primera autoridad.<\/p>\n\n\n\n<p>Por su parte, la presidenta de la Asociaci\u00f3n de Asistencia a los Afectados de Anaversa, Rosalinda Huerta Rivadeneyra, reconoci\u00f3 que, por primera ocasi\u00f3n en la historia, un gobierno municipal se suma a esta lucha y se comienza a ver un cambio. \u201cHoy resurge la esperanza, hoy se reconoce oficialmente como un hecho hist\u00f3rico, heroico y luctuoso, las autoridades han estado en deuda con la poblaci\u00f3n y hoy se empieza a ver un cambio\u201d.<\/p>\n\n\n\n<p><strong>#ElVeracruzanoVip<\/strong><\/p>\n","protected":false},"excerpt":{"rendered":"<p>#C\u00f3rdoba, #Ver.- Autoridades de C\u00f3rdoba, integrantes de la Asociaci\u00f3n de Asistencia a los Afectados de Anaversa, as\u00ed como cuerpos de<\/p>\n","protected":false},"author":4,"featured_media":2294,"comment_status":"open","ping_status":"open","sticky":false,"template":"","format":"standard","meta":{"colormag_page_container_layout":"default_layout","colormag_page_sidebar_layout":"default_layout","rop_custom_images_group":[],"rop_custom_messages_group":[],"rop_publish_now":"initial","rop_publish_now_accounts":{"facebook_109133384920963_108472061465099":""},"rop_publish_now_history":[],"rop_publish_now_status":"pending","footnotes":""},"categories":[11],"tags":[36,17,82,26,20,18,19,21,23,22],"class_list":["post-2293","post","type-post","status-publish","format-standard","has-post-thumbnail","hentry","category-municipios-destacados","tag-cordoba","tag-cuitlahuac-garcia-jimenez","tag-dif-cordoba","tag-el-veracruzano-vip","tag-enterate","tag-gobierno-del-estado-de-veracruz","tag-redes-sociales","tag-ultima-hora","tag-ultimas-noticias","tag-ultimo-minuto"],"_links":{"self":[{"href":"https:\/\/elveracruzano.vip\/index.php?rest_route=\/wp\/v2\/posts\/2293","targetHints":{"allow":["GET"]}}],"collection":[{"href":"https:\/\/elveracruzano.vip\/index.php?rest_route=\/wp\/v2\/posts"}],"about":[{"href":"https:\/\/elveracruzano.vip\/index.php?rest_route=\/wp\/v2\/types\/post"}],"author":[{"embeddable":true,"href":"https:\/\/elveracruzano.vip\/index.php?rest_route=\/wp\/v2\/users\/4"}],"replies":[{"embeddable":true,"href":"https:\/\/elveracruzano.vip\/index.php?rest_route=%2Fwp%2Fv2%2Fcomments&post=2293"}],"version-history":[{"count":1,"href":"https:\/\/elveracruzano.vip\/index.php?rest_route=\/wp\/v2\/posts\/2293\/revisions"}],"predecessor-version":[{"id":2295,"href":"https:\/\/elveracruzano.vip\/index.php?rest_route=\/wp\/v2\/posts\/2293\/revisions\/2295"}],"wp:featuredmedia":[{"embeddable":true,"href":"https:\/\/elveracruzano.vip\/index.php?rest_route=\/wp\/v2\/media\/2294"}],"wp:attachment":[{"href":"https:\/\/elveracruzano.vip\/index.php?rest_route=%2Fwp%2Fv2%2Fmedia&parent=2293"}],"wp:term":[{"taxonomy":"category","embeddable":true,"href":"https:\/\/elveracruzano.vip\/index.php?rest_route=%2Fwp%2Fv2%2Fcategories&post=2293"},{"taxonomy":"post_tag","embeddable":true,"href":"https:\/\/elveracruzano.vip\/index.php?rest_route=%2Fwp%2Fv2%2Ftags&post=2293"}],"curies":[{"name":"wp","href":"https:\/\/api.w.org\/{rel}","templated":true}]}}