{"id":2267,"date":"2022-05-02T10:30:02","date_gmt":"2022-05-02T15:30:02","guid":{"rendered":"http:\/\/elveracruzano.vip\/?p=2267"},"modified":"2022-05-02T10:30:02","modified_gmt":"2022-05-02T15:30:02","slug":"conmemora-orizaba-aniversario-del-dia-del-trabajo","status":"publish","type":"post","link":"https:\/\/elveracruzano.vip\/?p=2267","title":{"rendered":"Conmemora Orizaba, Aniversario del D\u00eda del Trabajo"},"content":{"rendered":"\n<p><strong>#Orizaba, #Ver<\/strong>.- Con la realizaci\u00f3n de una Ceremonia Conmemorativa, el ayuntamiento de Orizaba llev\u00f3 a cabo la celebraci\u00f3n del Aniversario del D\u00eda del Trabajo en el Monumento a los M\u00e1rtires del 7 de enero. Contaron con la presencia del Presidente de DIF Orizaba el Lic. Hugo Cha\u00edn Kuri, miembros del Cabildo Municipal as\u00ed como l\u00edderes sindicales de la zona centro de la regi\u00f3n.<\/p>\n\n\n\n<p><strong>#ElVeracruzanoVip<\/strong><\/p>\n","protected":false},"excerpt":{"rendered":"<p>#Orizaba, #Ver.- Con la realizaci\u00f3n de una Ceremonia Conmemorativa, el ayuntamiento de Orizaba llev\u00f3 a cabo la celebraci\u00f3n del Aniversario<\/p>\n","protected":false},"author":4,"featured_media":2268,"comment_status":"open","ping_status":"open","sticky":false,"template":"","format":"standard","meta":{"colormag_page_container_layout":"default_layout","colormag_page_sidebar_layout":"default_layout","rop_custom_images_group":[],"rop_custom_messages_group":[],"rop_publish_now":"initial","rop_publish_now_accounts":{"facebook_109133384920963_108472061465099":""},"rop_publish_now_history":[],"rop_publish_now_status":"pending","footnotes":""},"categories":[11],"tags":[53,17,92,26,20,18,19,21,23,22],"class_list":["post-2267","post","type-post","status-publish","format-standard","has-post-thumbnail","hentry","category-municipios-destacados","tag-ayuntamiento-de-orizaba","tag-cuitlahuac-garcia-jimenez","tag-dif-orizaba","tag-el-veracruzano-vip","tag-enterate","tag-gobierno-del-estado-de-veracruz","tag-redes-sociales","tag-ultima-hora","tag-ultimas-noticias","tag-ultimo-minuto"],"_links":{"self":[{"href":"https:\/\/elveracruzano.vip\/index.php?rest_route=\/wp\/v2\/posts\/2267","targetHints":{"allow":["GET"]}}],"collection":[{"href":"https:\/\/elveracruzano.vip\/index.php?rest_route=\/wp\/v2\/posts"}],"about":[{"href":"https:\/\/elveracruzano.vip\/index.php?rest_route=\/wp\/v2\/types\/post"}],"author":[{"embeddable":true,"href":"https:\/\/elveracruzano.vip\/index.php?rest_route=\/wp\/v2\/users\/4"}],"replies":[{"embeddable":true,"href":"https:\/\/elveracruzano.vip\/index.php?rest_route=%2Fwp%2Fv2%2Fcomments&post=2267"}],"version-history":[{"count":1,"href":"https:\/\/elveracruzano.vip\/index.php?rest_route=\/wp\/v2\/posts\/2267\/revisions"}],"predecessor-version":[{"id":2269,"href":"https:\/\/elveracruzano.vip\/index.php?rest_route=\/wp\/v2\/posts\/2267\/revisions\/2269"}],"wp:featuredmedia":[{"embeddable":true,"href":"https:\/\/elveracruzano.vip\/index.php?rest_route=\/wp\/v2\/media\/2268"}],"wp:attachment":[{"href":"https:\/\/elveracruzano.vip\/index.php?rest_route=%2Fwp%2Fv2%2Fmedia&parent=2267"}],"wp:term":[{"taxonomy":"category","embeddable":true,"href":"https:\/\/elveracruzano.vip\/index.php?rest_route=%2Fwp%2Fv2%2Fcategories&post=2267"},{"taxonomy":"post_tag","embeddable":true,"href":"https:\/\/elveracruzano.vip\/index.php?rest_route=%2Fwp%2Fv2%2Ftags&post=2267"}],"curies":[{"name":"wp","href":"https:\/\/api.w.org\/{rel}","templated":true}]}}