{"id":2258,"date":"2022-05-02T10:25:12","date_gmt":"2022-05-02T15:25:12","guid":{"rendered":"http:\/\/elveracruzano.vip\/?p=2258"},"modified":"2022-05-02T10:25:13","modified_gmt":"2022-05-02T15:25:13","slug":"con-desarrollo-industrial-de-veracruz-egresados-de-ingenierias-ya-cuentan-con-oportunidades-gobernador","status":"publish","type":"post","link":"https:\/\/elveracruzano.vip\/?p=2258","title":{"rendered":"Con desarrollo industrial de Veracruz, egresados de ingenier\u00edas ya cuentan con oportunidades: Gobernador"},"content":{"rendered":"\n<p><strong>#Xalapa, #Ver<\/strong>.- Una excelente noticia para las \u00e1reas de Ingenier\u00eda en Veracruz es la que representa el establecimiento de polos industriales en el Corredor Interoce\u00e1nico del Istmo de Tehuantepec; los egresados de estas carreras no tendr\u00e1n que ir m\u00e1s a otros estados en busca de trabajo, afirm\u00f3 el gobernador Cuitl\u00e1huac Garc\u00eda Jim\u00e9nez.<\/p>\n\n\n\n<p>Reunido con los sectores empresarial y acad\u00e9mico en la Unidad de Ingenier\u00eda y Ciencias Qu\u00edmicas de la Universidad Veracruzana (UV), el mandatario se\u00f1al\u00f3 que al impulsar el desarrollo industrial, una demanda que era complicado satisfacer era la de contar con los energ\u00e9ticos suficientes que requieren las grandes compa\u00f1\u00edas.<\/p>\n\n\n\n<p>\u201cTambi\u00e9n es preciso el recurso humano de alto nivel y creo que nuestras instituciones de Educaci\u00f3n Superior cumplen esto \u00faltimo\u201d, celebr\u00f3 al destacar el esfuerzo de la secretaria de Energ\u00eda, Roc\u00edo Nahle Garc\u00eda, por avocarse a que Veracruz cubra los requisitos de su \u00e1mbito, adem\u00e1s de gestionar con PEMEX un gasoducto que atraviese toda la entidad.<\/p>\n\n\n\n<p>Adem\u00e1s, los puertos de Coatzacoalcos y Veracruz tienen comunicaci\u00f3n ferroviaria y es una virtud que atrae inversiones como la de Constellation Brands (CB); \u201ctambi\u00e9n tenemos disposici\u00f3n de agua, el 30 por ciento del recurso hidr\u00e1ulico del pa\u00eds, en una zona donde ya hay empresas como Nestl\u00e9 y al menos otras cuatro est\u00e1n interesadas en asentarse\u201d.<\/p>\n\n\n\n<p><strong>#ElVeracruzanoVip<\/strong><\/p>\n","protected":false},"excerpt":{"rendered":"<p>#Xalapa, #Ver.- Una excelente noticia para las \u00e1reas de Ingenier\u00eda en Veracruz es la que representa el establecimiento de polos<\/p>\n","protected":false},"author":4,"featured_media":2259,"comment_status":"open","ping_status":"open","sticky":false,"template":"","format":"standard","meta":{"colormag_page_container_layout":"default_layout","colormag_page_sidebar_layout":"default_layout","rop_custom_images_group":[],"rop_custom_messages_group":[],"rop_publish_now":"initial","rop_publish_now_accounts":{"facebook_109133384920963_108472061465099":""},"rop_publish_now_history":[],"rop_publish_now_status":"pending","footnotes":""},"categories":[13],"tags":[17,26,20,18,19,84,21,23,22],"class_list":["post-2258","post","type-post","status-publish","format-standard","has-post-thumbnail","hentry","category-principales","tag-cuitlahuac-garcia-jimenez","tag-el-veracruzano-vip","tag-enterate","tag-gobierno-del-estado-de-veracruz","tag-redes-sociales","tag-secretaria-de-proteccion-civil-del-estado-de-veracruz","tag-ultima-hora","tag-ultimas-noticias","tag-ultimo-minuto"],"_links":{"self":[{"href":"https:\/\/elveracruzano.vip\/index.php?rest_route=\/wp\/v2\/posts\/2258","targetHints":{"allow":["GET"]}}],"collection":[{"href":"https:\/\/elveracruzano.vip\/index.php?rest_route=\/wp\/v2\/posts"}],"about":[{"href":"https:\/\/elveracruzano.vip\/index.php?rest_route=\/wp\/v2\/types\/post"}],"author":[{"embeddable":true,"href":"https:\/\/elveracruzano.vip\/index.php?rest_route=\/wp\/v2\/users\/4"}],"replies":[{"embeddable":true,"href":"https:\/\/elveracruzano.vip\/index.php?rest_route=%2Fwp%2Fv2%2Fcomments&post=2258"}],"version-history":[{"count":1,"href":"https:\/\/elveracruzano.vip\/index.php?rest_route=\/wp\/v2\/posts\/2258\/revisions"}],"predecessor-version":[{"id":2260,"href":"https:\/\/elveracruzano.vip\/index.php?rest_route=\/wp\/v2\/posts\/2258\/revisions\/2260"}],"wp:featuredmedia":[{"embeddable":true,"href":"https:\/\/elveracruzano.vip\/index.php?rest_route=\/wp\/v2\/media\/2259"}],"wp:attachment":[{"href":"https:\/\/elveracruzano.vip\/index.php?rest_route=%2Fwp%2Fv2%2Fmedia&parent=2258"}],"wp:term":[{"taxonomy":"category","embeddable":true,"href":"https:\/\/elveracruzano.vip\/index.php?rest_route=%2Fwp%2Fv2%2Fcategories&post=2258"},{"taxonomy":"post_tag","embeddable":true,"href":"https:\/\/elveracruzano.vip\/index.php?rest_route=%2Fwp%2Fv2%2Ftags&post=2258"}],"curies":[{"name":"wp","href":"https:\/\/api.w.org\/{rel}","templated":true}]}}