{"id":2247,"date":"2022-04-29T10:55:31","date_gmt":"2022-04-29T15:55:31","guid":{"rendered":"http:\/\/elveracruzano.vip\/?p=2247"},"modified":"2022-04-29T10:55:32","modified_gmt":"2022-04-29T15:55:32","slug":"imparten-en-minatitlan-platica-sobre-delitos-ambientales","status":"publish","type":"post","link":"https:\/\/elveracruzano.vip\/?p=2247","title":{"rendered":"Imparten en Minatitl\u00e1n, pl\u00e1tica sobre delitos ambientales"},"content":{"rendered":"\n<p><strong>#Minatitl\u00e1n, #Ver.<\/strong> \u2013 En conmemoraci\u00f3n al D\u00eda Mundial de la Madre Tierra, este 22 de abril en la Sala de Cabildo del Palacio Municipal de Minatitl\u00e1n, se llev\u00f3 a cabo una pl\u00e1tica que tuvo como tema \u201cPrevenci\u00f3n del Delito Ambiental\u201d, impartido por la Procuradur\u00eda Federal de Protecci\u00f3n Ambiente (PROFEPA).<\/p>\n\n\n\n<p>El regidor d\u00e9cimo, Blino Hern\u00e1ndez Fern\u00e1ndez, con las comisiones de fomento forestal, ecolog\u00eda y medio ambiente, detall\u00f3 que el objetivo es que organizaciones civiles y la poblaci\u00f3n en general conozcan estos temas que llegan a ser poco abordados, pero que en la administraci\u00f3n de la alcaldesa Carmen Medel Palma, son fundamentales para tener un municipio sustentable.<\/p>\n\n\n\n<p>\u201cEs una tem\u00e1tica que muchas veces no se toca porque a veces afecta a muchos intereses, sin embargo, desde el 1 de enero, estamos estableciendo una estrategia para desarrollar y crear una educaci\u00f3n ambiental, es una tarea ardua\u201d, explic\u00f3.<\/p>\n\n\n\n<p>A\u00f1adi\u00f3 que, en estos primeros cuatro meses de administraci\u00f3n, se han llevado pl\u00e1ticas a alumnos de escuelas primarias para que desde la ni\u00f1ez se vaya creando una cultura del cuidado del entorno natural, mientras que con la iniciativa privada se mantienen reuniones peri\u00f3dicas a fin de que conozcan las legislaciones que regulan la preservaci\u00f3n de la flora y fauna que impera en el municipio.<\/p>\n\n\n\n<p>Hern\u00e1ndez Fern\u00e1ndez, inform\u00f3 que lo que se busca es que este tipo de pl\u00e1ticas lleguen a todos los sectores de la sociedad, por lo que tambi\u00e9n se proyecta impartirlos en la zona rural donde adem\u00e1s sepan c\u00f3mo realizar sus actividades agr\u00edcolas o ganaderas, cuidando el medio ambiente.<\/p>\n\n\n\n<p><strong>#ElVeracruzanoVip<\/strong><\/p>\n","protected":false},"excerpt":{"rendered":"<p>#Minatitl\u00e1n, #Ver. \u2013 En conmemoraci\u00f3n al D\u00eda Mundial de la Madre Tierra, este 22 de abril en la Sala de<\/p>\n","protected":false},"author":4,"featured_media":2248,"comment_status":"open","ping_status":"open","sticky":false,"template":"","format":"standard","meta":{"colormag_page_container_layout":"default_layout","colormag_page_sidebar_layout":"default_layout","rop_custom_images_group":[],"rop_custom_messages_group":[],"rop_publish_now":"initial","rop_publish_now_accounts":{"facebook_109133384920963_108472061465099":""},"rop_publish_now_history":[],"rop_publish_now_status":"pending","footnotes":""},"categories":[8],"tags":[80,17,26,20,18,39,19,21,23,22],"class_list":["post-2247","post","type-post","status-publish","format-standard","has-post-thumbnail","hentry","category-alcaldesas","tag-carmen-medel-palma","tag-cuitlahuac-garcia-jimenez","tag-el-veracruzano-vip","tag-enterate","tag-gobierno-del-estado-de-veracruz","tag-minatitlan","tag-redes-sociales","tag-ultima-hora","tag-ultimas-noticias","tag-ultimo-minuto"],"_links":{"self":[{"href":"https:\/\/elveracruzano.vip\/index.php?rest_route=\/wp\/v2\/posts\/2247","targetHints":{"allow":["GET"]}}],"collection":[{"href":"https:\/\/elveracruzano.vip\/index.php?rest_route=\/wp\/v2\/posts"}],"about":[{"href":"https:\/\/elveracruzano.vip\/index.php?rest_route=\/wp\/v2\/types\/post"}],"author":[{"embeddable":true,"href":"https:\/\/elveracruzano.vip\/index.php?rest_route=\/wp\/v2\/users\/4"}],"replies":[{"embeddable":true,"href":"https:\/\/elveracruzano.vip\/index.php?rest_route=%2Fwp%2Fv2%2Fcomments&post=2247"}],"version-history":[{"count":1,"href":"https:\/\/elveracruzano.vip\/index.php?rest_route=\/wp\/v2\/posts\/2247\/revisions"}],"predecessor-version":[{"id":2249,"href":"https:\/\/elveracruzano.vip\/index.php?rest_route=\/wp\/v2\/posts\/2247\/revisions\/2249"}],"wp:featuredmedia":[{"embeddable":true,"href":"https:\/\/elveracruzano.vip\/index.php?rest_route=\/wp\/v2\/media\/2248"}],"wp:attachment":[{"href":"https:\/\/elveracruzano.vip\/index.php?rest_route=%2Fwp%2Fv2%2Fmedia&parent=2247"}],"wp:term":[{"taxonomy":"category","embeddable":true,"href":"https:\/\/elveracruzano.vip\/index.php?rest_route=%2Fwp%2Fv2%2Fcategories&post=2247"},{"taxonomy":"post_tag","embeddable":true,"href":"https:\/\/elveracruzano.vip\/index.php?rest_route=%2Fwp%2Fv2%2Ftags&post=2247"}],"curies":[{"name":"wp","href":"https:\/\/api.w.org\/{rel}","templated":true}]}}