{"id":2238,"date":"2022-04-29T10:50:22","date_gmt":"2022-04-29T15:50:22","guid":{"rendered":"http:\/\/elveracruzano.vip\/?p=2238"},"modified":"2022-04-29T10:50:23","modified_gmt":"2022-04-29T15:50:23","slug":"conmemora-veracruz-trascendencia-historica-de-la-batalla-de-las-cumbres","status":"publish","type":"post","link":"https:\/\/elveracruzano.vip\/?p=2238","title":{"rendered":"Conmemora Veracruz trascendencia hist\u00f3rica de la Batalla de Las Cumbres"},"content":{"rendered":"\n<p>#<strong>Acultzingo<\/strong>, <strong>#Ver<\/strong>.- Con un acto solemne encabezado por el gobernador Cuitl\u00e1huac Garc\u00eda Jim\u00e9nez y la develaci\u00f3n de una placa por los 160 a\u00f1os de la Batalla de Las Cumbres, primer enfrentamiento armado entre los ej\u00e9rcitos mexicano y franc\u00e9s durante la Segunda Intervenci\u00f3n Francesa en M\u00e9xico, el Gobierno de Veracruz da realce y trascendencia a dicho evento.<\/p>\n\n\n\n<p>El titular del Poder Ejecutivo destac\u00f3 que esta ceremonia tendr\u00e1 efecto a\u00f1o con a\u00f1o a fin de preservar la historia y recalcar que M\u00e9xico es un promotor de la paz mundial apegado al principio juarista: entre los individuos como entre las naciones, el respeto al derecho ajeno es la paz.<\/p>\n\n\n\n<p>Aqu\u00ed destac\u00f3 las acciones emprendidas en el municipio de Acultzingo para generar bienestar social, al tener hoy una imagen de tranquilidad que desde la administraci\u00f3n estatal y con apoyo del Ayuntamiento habr\u00e1 de procurarse siempre.<\/p>\n\n\n\n<p>Por otra parte, el secretario de Gobierno, Eric Cisneros Burgos, afirm\u00f3 que el mandatario ha sido congruente con los principios de justicia social de la Cuarta Transformaci\u00f3n, impulsando en todo momento la libre autodeterminaci\u00f3n de sus pueblos.<\/p>\n\n\n\n<p><strong>#ElVeracruzanoVip<\/strong><\/p>\n","protected":false},"excerpt":{"rendered":"<p>#Acultzingo, #Ver.- Con un acto solemne encabezado por el gobernador Cuitl\u00e1huac Garc\u00eda Jim\u00e9nez y la develaci\u00f3n de una placa por<\/p>\n","protected":false},"author":4,"featured_media":2239,"comment_status":"open","ping_status":"open","sticky":false,"template":"","format":"standard","meta":{"colormag_page_container_layout":"default_layout","colormag_page_sidebar_layout":"default_layout","rop_custom_images_group":[],"rop_custom_messages_group":[],"rop_publish_now":"initial","rop_publish_now_accounts":{"facebook_109133384920963_108472061465099":""},"rop_publish_now_history":[],"rop_publish_now_status":"pending","footnotes":""},"categories":[14],"tags":[17,26,20,18,19,21,23,22],"class_list":["post-2238","post","type-post","status-publish","format-standard","has-post-thumbnail","hentry","category-secretarias","tag-cuitlahuac-garcia-jimenez","tag-el-veracruzano-vip","tag-enterate","tag-gobierno-del-estado-de-veracruz","tag-redes-sociales","tag-ultima-hora","tag-ultimas-noticias","tag-ultimo-minuto"],"_links":{"self":[{"href":"https:\/\/elveracruzano.vip\/index.php?rest_route=\/wp\/v2\/posts\/2238","targetHints":{"allow":["GET"]}}],"collection":[{"href":"https:\/\/elveracruzano.vip\/index.php?rest_route=\/wp\/v2\/posts"}],"about":[{"href":"https:\/\/elveracruzano.vip\/index.php?rest_route=\/wp\/v2\/types\/post"}],"author":[{"embeddable":true,"href":"https:\/\/elveracruzano.vip\/index.php?rest_route=\/wp\/v2\/users\/4"}],"replies":[{"embeddable":true,"href":"https:\/\/elveracruzano.vip\/index.php?rest_route=%2Fwp%2Fv2%2Fcomments&post=2238"}],"version-history":[{"count":1,"href":"https:\/\/elveracruzano.vip\/index.php?rest_route=\/wp\/v2\/posts\/2238\/revisions"}],"predecessor-version":[{"id":2240,"href":"https:\/\/elveracruzano.vip\/index.php?rest_route=\/wp\/v2\/posts\/2238\/revisions\/2240"}],"wp:featuredmedia":[{"embeddable":true,"href":"https:\/\/elveracruzano.vip\/index.php?rest_route=\/wp\/v2\/media\/2239"}],"wp:attachment":[{"href":"https:\/\/elveracruzano.vip\/index.php?rest_route=%2Fwp%2Fv2%2Fmedia&parent=2238"}],"wp:term":[{"taxonomy":"category","embeddable":true,"href":"https:\/\/elveracruzano.vip\/index.php?rest_route=%2Fwp%2Fv2%2Fcategories&post=2238"},{"taxonomy":"post_tag","embeddable":true,"href":"https:\/\/elveracruzano.vip\/index.php?rest_route=%2Fwp%2Fv2%2Ftags&post=2238"}],"curies":[{"name":"wp","href":"https:\/\/api.w.org\/{rel}","templated":true}]}}