{"id":2179,"date":"2022-04-22T10:32:52","date_gmt":"2022-04-22T15:32:52","guid":{"rendered":"http:\/\/elveracruzano.vip\/?p=2179"},"modified":"2022-04-22T10:32:53","modified_gmt":"2022-04-22T15:32:53","slug":"realizaran-en-coatepec-la-rehabilitacion-de-un-camino-en-la-localidad-de-las-puentes","status":"publish","type":"post","link":"https:\/\/elveracruzano.vip\/?p=2179","title":{"rendered":"Realizar\u00e1n en Coatepec, la rehabilitaci\u00f3n de un camino en la localidad de Las Puentes"},"content":{"rendered":"\n<p class=\"wp-block-paragraph\"><strong>#Coatepec, #Ver<\/strong>.- El H. Ayuntamiento de Coatepec en coordinaci\u00f3n con los Ayuntamientos de Xico e Ixhuac\u00e1n de los Reyes, realizaron el reconocimiento de la zona en donde realizaran la rehabilitaci\u00f3n de un camino en la localidad de Las Puentes, acci\u00f3n que ayudar\u00e1 al flujo vehicular que se genera en la zona. El alcalde Raymundo Andrade Rivera agradeci\u00f3 el trabajo en equipo con los municipios circunvecinos, logrando as\u00ed un bienestar para la poblaci\u00f3n en general.<\/p>\n\n\n\n<div class=\"wp-block-image\"><figure class=\"aligncenter size-large is-resized\"><img loading=\"lazy\" decoding=\"async\" src=\"http:\/\/elveracruzano.vip\/wp-content\/uploads\/2022\/04\/coa2-4-1024x683.jpg\" alt=\"\" class=\"wp-image-2180\" width=\"464\" height=\"309\" srcset=\"https:\/\/elveracruzano.vip\/wp-content\/uploads\/2022\/04\/coa2-4-1024x683.jpg 1024w, https:\/\/elveracruzano.vip\/wp-content\/uploads\/2022\/04\/coa2-4-300x200.jpg 300w, https:\/\/elveracruzano.vip\/wp-content\/uploads\/2022\/04\/coa2-4-768x512.jpg 768w, https:\/\/elveracruzano.vip\/wp-content\/uploads\/2022\/04\/coa2-4-1536x1025.jpg 1536w, https:\/\/elveracruzano.vip\/wp-content\/uploads\/2022\/04\/coa2-4-600x400.jpg 600w, https:\/\/elveracruzano.vip\/wp-content\/uploads\/2022\/04\/coa2-4.jpg 2048w\" sizes=\"auto, (max-width: 464px) 100vw, 464px\" \/><\/figure><\/div>\n\n\n\n<p class=\"wp-block-paragraph\"><strong>#ElVeracruzanoVip<\/strong><\/p>\n","protected":false},"excerpt":{"rendered":"<p>#Coatepec, #Ver.- El H. Ayuntamiento de Coatepec en coordinaci\u00f3n con los Ayuntamientos de Xico e Ixhuac\u00e1n de los Reyes, realizaron<\/p>\n","protected":false},"author":4,"featured_media":2181,"comment_status":"open","ping_status":"open","sticky":false,"template":"","format":"standard","meta":{"colormag_page_container_layout":"default_layout","colormag_page_sidebar_layout":"default_layout","rop_custom_images_group":[],"rop_custom_messages_group":[],"rop_publish_now":"initial","rop_publish_now_accounts":{"facebook_109133384920963_108472061465099":""},"rop_publish_now_history":[],"rop_publish_now_status":"pending","footnotes":""},"categories":[10],"tags":[17,50,26,20,18,83,19,21,23,22],"class_list":["post-2179","post","type-post","status-publish","format-standard","has-post-thumbnail","hentry","category-municipios","tag-cuitlahuac-garcia-jimenez","tag-dif-coatepec","tag-el-veracruzano-vip","tag-enterate","tag-gobierno-del-estado-de-veracruz","tag-gobierno-municipal-de-coatepec","tag-redes-sociales","tag-ultima-hora","tag-ultimas-noticias","tag-ultimo-minuto"],"_links":{"self":[{"href":"https:\/\/elveracruzano.vip\/index.php?rest_route=\/wp\/v2\/posts\/2179","targetHints":{"allow":["GET"]}}],"collection":[{"href":"https:\/\/elveracruzano.vip\/index.php?rest_route=\/wp\/v2\/posts"}],"about":[{"href":"https:\/\/elveracruzano.vip\/index.php?rest_route=\/wp\/v2\/types\/post"}],"author":[{"embeddable":true,"href":"https:\/\/elveracruzano.vip\/index.php?rest_route=\/wp\/v2\/users\/4"}],"replies":[{"embeddable":true,"href":"https:\/\/elveracruzano.vip\/index.php?rest_route=%2Fwp%2Fv2%2Fcomments&post=2179"}],"version-history":[{"count":1,"href":"https:\/\/elveracruzano.vip\/index.php?rest_route=\/wp\/v2\/posts\/2179\/revisions"}],"predecessor-version":[{"id":2182,"href":"https:\/\/elveracruzano.vip\/index.php?rest_route=\/wp\/v2\/posts\/2179\/revisions\/2182"}],"wp:featuredmedia":[{"embeddable":true,"href":"https:\/\/elveracruzano.vip\/index.php?rest_route=\/wp\/v2\/media\/2181"}],"wp:attachment":[{"href":"https:\/\/elveracruzano.vip\/index.php?rest_route=%2Fwp%2Fv2%2Fmedia&parent=2179"}],"wp:term":[{"taxonomy":"category","embeddable":true,"href":"https:\/\/elveracruzano.vip\/index.php?rest_route=%2Fwp%2Fv2%2Fcategories&post=2179"},{"taxonomy":"post_tag","embeddable":true,"href":"https:\/\/elveracruzano.vip\/index.php?rest_route=%2Fwp%2Fv2%2Ftags&post=2179"}],"curies":[{"name":"wp","href":"https:\/\/api.w.org\/{rel}","templated":true}]}}