{"id":2165,"date":"2022-04-22T14:55:00","date_gmt":"2022-04-22T19:55:00","guid":{"rendered":"http:\/\/elveracruzano.vip\/?p=2165"},"modified":"2022-04-22T09:56:26","modified_gmt":"2022-04-22T14:56:26","slug":"capacita-segob-en-protocolos-a-seguir-para-impartir-justicia-en-casos-de-menores-y-adolescentes","status":"publish","type":"post","link":"https:\/\/elveracruzano.vip\/?p=2165","title":{"rendered":"Capacita SEGOB en protocolos a seguir para impartir justicia en casos de menores y adolescentes"},"content":{"rendered":"\n<p><strong>#Xalapa, #Ver.<\/strong>&#8211; Quienes imparten justicia en los casos que involucran a ni\u00f1os y adolescentes recibir\u00e1n capacitaci\u00f3n en protocolos de actuaci\u00f3n del Sistema Penal para Adolescentes, Abogados y Cuerpos Policiales; el objetivo es garantizar la protecci\u00f3n y respeto de los derechos de este sector poblacional.<\/p>\n\n\n\n<p>\u201cLos actores que participan en asuntos jur\u00eddicos que les competen, tenemos la encomienda de ser garantes de proteger y preservar los derechos humanos de la ni\u00f1ez y los adolescentes; esa es nuestra principal labor\u201d, se\u00f1al\u00f3 en nombre del Gobierno del Estado la procuradora de Protecci\u00f3n de Ni\u00f1as, Ni\u00f1os y Adolescentes del DIF Estatal, Lutgarda Madrigal Vald\u00e9s.<\/p>\n\n\n\n<p>En la inauguraci\u00f3n de la jornada convocada por la Secretar\u00eda de Gobierno (SEGOB), a trav\u00e9s de la Direcci\u00f3n General de Consolidaci\u00f3n del Sistema de Justicia Penal, la servidora p\u00fablica manifest\u00f3 que es un deber brindar justicia a la ni\u00f1ez veracruzana y el camino para lograrlo es, precisamente, actualizarse con asiduidad en la materia.<\/p>\n\n\n\n<p>\u201cMuchas de las cosas que necesitamos los adultos pueden esperar un poco, los ni\u00f1os y adolescentes no porque est\u00e1n en formaci\u00f3n y no podemos contemplarles un ma\u00f1ana, son los m\u00e1s vulnerables [\u2026]. Esa una respuesta que ha tenido el gobernador Cuitl\u00e1huac Garc\u00eda Jim\u00e9nez: el problema de los ni\u00f1os se atiende hoy\u201d.<\/p>\n\n\n\n<p><strong>#ElVeracruzanoVip<\/strong><\/p>\n","protected":false},"excerpt":{"rendered":"<p>#Xalapa, #Ver.&#8211; Quienes imparten justicia en los casos que involucran a ni\u00f1os y adolescentes recibir\u00e1n capacitaci\u00f3n en protocolos de actuaci\u00f3n<\/p>\n","protected":false},"author":4,"featured_media":2166,"comment_status":"open","ping_status":"open","sticky":false,"template":"","format":"standard","meta":{"colormag_page_container_layout":"default_layout","colormag_page_sidebar_layout":"default_layout","rop_custom_images_group":[],"rop_custom_messages_group":[],"rop_publish_now":"initial","rop_publish_now_accounts":{"facebook_109133384920963_108472061465099":""},"rop_publish_now_history":[],"rop_publish_now_status":"pending","footnotes":""},"categories":[14],"tags":[17,26,20,18,19,84,21,23,22],"class_list":["post-2165","post","type-post","status-publish","format-standard","has-post-thumbnail","hentry","category-secretarias","tag-cuitlahuac-garcia-jimenez","tag-el-veracruzano-vip","tag-enterate","tag-gobierno-del-estado-de-veracruz","tag-redes-sociales","tag-secretaria-de-proteccion-civil-del-estado-de-veracruz","tag-ultima-hora","tag-ultimas-noticias","tag-ultimo-minuto"],"_links":{"self":[{"href":"https:\/\/elveracruzano.vip\/index.php?rest_route=\/wp\/v2\/posts\/2165","targetHints":{"allow":["GET"]}}],"collection":[{"href":"https:\/\/elveracruzano.vip\/index.php?rest_route=\/wp\/v2\/posts"}],"about":[{"href":"https:\/\/elveracruzano.vip\/index.php?rest_route=\/wp\/v2\/types\/post"}],"author":[{"embeddable":true,"href":"https:\/\/elveracruzano.vip\/index.php?rest_route=\/wp\/v2\/users\/4"}],"replies":[{"embeddable":true,"href":"https:\/\/elveracruzano.vip\/index.php?rest_route=%2Fwp%2Fv2%2Fcomments&post=2165"}],"version-history":[{"count":1,"href":"https:\/\/elveracruzano.vip\/index.php?rest_route=\/wp\/v2\/posts\/2165\/revisions"}],"predecessor-version":[{"id":2167,"href":"https:\/\/elveracruzano.vip\/index.php?rest_route=\/wp\/v2\/posts\/2165\/revisions\/2167"}],"wp:featuredmedia":[{"embeddable":true,"href":"https:\/\/elveracruzano.vip\/index.php?rest_route=\/wp\/v2\/media\/2166"}],"wp:attachment":[{"href":"https:\/\/elveracruzano.vip\/index.php?rest_route=%2Fwp%2Fv2%2Fmedia&parent=2165"}],"wp:term":[{"taxonomy":"category","embeddable":true,"href":"https:\/\/elveracruzano.vip\/index.php?rest_route=%2Fwp%2Fv2%2Fcategories&post=2165"},{"taxonomy":"post_tag","embeddable":true,"href":"https:\/\/elveracruzano.vip\/index.php?rest_route=%2Fwp%2Fv2%2Ftags&post=2165"}],"curies":[{"name":"wp","href":"https:\/\/api.w.org\/{rel}","templated":true}]}}