{"id":2101,"date":"2022-04-15T10:56:27","date_gmt":"2022-04-15T15:56:27","guid":{"rendered":"http:\/\/elveracruzano.vip\/?p=2101"},"modified":"2022-04-15T10:56:27","modified_gmt":"2022-04-15T15:56:27","slug":"instala-minatitlan-feria-de-la-salud-en-la-congregacion-de-emilio-carranza","status":"publish","type":"post","link":"https:\/\/elveracruzano.vip\/?p=2101","title":{"rendered":"Instala Minatitl\u00e1n, Feria de la Salud en la congregaci\u00f3n de Emilio Carranza"},"content":{"rendered":"\n<p><strong>#Minatitl\u00e1n<\/strong>, <strong>#Ver<\/strong>. \u2013 Promoviendo las pr\u00e1cticas de h\u00e1bitos saludables, el Ayuntamiento a trav\u00e9s de la Jefatura de Salud Municipal en coordinaci\u00f3n con la Jurisdicci\u00f3n Sanitaria n\u00famero XI y el Instituto de Seguridad y Servicios Sociales de los Trabajadores del Estado (ISSSTE) instalaron Feria de Salud en la congregaci\u00f3n de Emilio Carranza, perteneciente al municipio de Minatitl\u00e1n.<\/p>\n\n\n\n<p>Los m\u00f3dulos se colocaron desde las 8 de la ma\u00f1ana donde m\u00e1s de 300 habitantes asistieron para ser atendidos por m\u00e9dicos especialistas, quienes les brindaron consultas medicas generales, toma de presi\u00f3n arterial, pruebas r\u00e1pidas de VIH, glucosa y ex\u00e1menes de Papanicolau.<\/p>\n\n\n\n<p>Tambi\u00e9n atendieron a ni\u00f1os de 0 a 9 a\u00f1os a quienes les realizaron una valoraci\u00f3n r\u00e1pida la cual consisti\u00f3 en talla, peso y revisi\u00f3n bucal adem\u00e1s les aplicaron vacunas faltantes en sus esquemas, y se inmunizaron a las personas con segunda dosis de la vacuna COVID 19.<\/p>\n\n\n\n<p>La alcaldesa Carmen Medel Palma y presidenta de la Red Veracruzana de Municipios Saludables (RVMS), coment\u00f3 que tiene el firme compromiso de beneficiar a todos los sectores del municipio, garantizando servicios de salud de primera; enfoc\u00e1ndose en la prevenci\u00f3n de enfermedades, y procurar el bienestar de las familias minatitlecas.<\/p>\n\n\n\n<p>El doctor a cargo de la jefatura dio a conocer, que todos los servicios se realizaron de forma gratuita, beneficiando a las siguientes comunidades como; Palo Bonito, La Arena Fracci\u00f3n II, Zamorano y Cafetal.<\/p>\n\n\n\n<p><strong>#ElVeracruzanoVip<\/strong><\/p>\n","protected":false},"excerpt":{"rendered":"<p>#Minatitl\u00e1n, #Ver. \u2013 Promoviendo las pr\u00e1cticas de h\u00e1bitos saludables, el Ayuntamiento a trav\u00e9s de la Jefatura de Salud Municipal en<\/p>\n","protected":false},"author":4,"featured_media":2102,"comment_status":"open","ping_status":"open","sticky":false,"template":"","format":"standard","meta":{"colormag_page_container_layout":"default_layout","colormag_page_sidebar_layout":"default_layout","rop_custom_images_group":[],"rop_custom_messages_group":[],"rop_publish_now":"initial","rop_publish_now_accounts":{"facebook_109133384920963_108472061465099":""},"rop_publish_now_history":[],"rop_publish_now_status":"pending","footnotes":""},"categories":[8],"tags":[26,20,18,39,19,21,23,22],"class_list":["post-2101","post","type-post","status-publish","format-standard","has-post-thumbnail","hentry","category-alcaldesas","tag-el-veracruzano-vip","tag-enterate","tag-gobierno-del-estado-de-veracruz","tag-minatitlan","tag-redes-sociales","tag-ultima-hora","tag-ultimas-noticias","tag-ultimo-minuto"],"_links":{"self":[{"href":"https:\/\/elveracruzano.vip\/index.php?rest_route=\/wp\/v2\/posts\/2101","targetHints":{"allow":["GET"]}}],"collection":[{"href":"https:\/\/elveracruzano.vip\/index.php?rest_route=\/wp\/v2\/posts"}],"about":[{"href":"https:\/\/elveracruzano.vip\/index.php?rest_route=\/wp\/v2\/types\/post"}],"author":[{"embeddable":true,"href":"https:\/\/elveracruzano.vip\/index.php?rest_route=\/wp\/v2\/users\/4"}],"replies":[{"embeddable":true,"href":"https:\/\/elveracruzano.vip\/index.php?rest_route=%2Fwp%2Fv2%2Fcomments&post=2101"}],"version-history":[{"count":1,"href":"https:\/\/elveracruzano.vip\/index.php?rest_route=\/wp\/v2\/posts\/2101\/revisions"}],"predecessor-version":[{"id":2103,"href":"https:\/\/elveracruzano.vip\/index.php?rest_route=\/wp\/v2\/posts\/2101\/revisions\/2103"}],"wp:featuredmedia":[{"embeddable":true,"href":"https:\/\/elveracruzano.vip\/index.php?rest_route=\/wp\/v2\/media\/2102"}],"wp:attachment":[{"href":"https:\/\/elveracruzano.vip\/index.php?rest_route=%2Fwp%2Fv2%2Fmedia&parent=2101"}],"wp:term":[{"taxonomy":"category","embeddable":true,"href":"https:\/\/elveracruzano.vip\/index.php?rest_route=%2Fwp%2Fv2%2Fcategories&post=2101"},{"taxonomy":"post_tag","embeddable":true,"href":"https:\/\/elveracruzano.vip\/index.php?rest_route=%2Fwp%2Fv2%2Ftags&post=2101"}],"curies":[{"name":"wp","href":"https:\/\/api.w.org\/{rel}","templated":true}]}}