{"id":2083,"date":"2022-04-15T16:30:00","date_gmt":"2022-04-15T21:30:00","guid":{"rendered":"http:\/\/elveracruzano.vip\/?p=2083"},"modified":"2022-04-15T10:32:40","modified_gmt":"2022-04-15T15:32:40","slug":"transporte-mujer-segura-servicio-prestado-por-y-para-mujeres-veracruzanas","status":"publish","type":"post","link":"https:\/\/elveracruzano.vip\/?p=2083","title":{"rendered":"Transporte Mujer Segura, servicio prestado por y para mujeres veracruzanas"},"content":{"rendered":"\n<p class=\"wp-block-paragraph\"><strong>#Veracruz<\/strong>, <strong>#Ver<\/strong>.- El Gobierno Estatal de Veracruz, brindar\u00e1 a las habitantes de la conurbaci\u00f3n Veracruz\u2013Boca del R\u00edo\u2013Medell\u00edn un servicio de movilidad \u00f3ptimo, a trav\u00e9s del programa\u00a0<em>Transporte Mujer Segura<\/em>. As\u00ed tambi\u00e9n responden a la Alerta de Violencia de G\u00e9nero contra las Mujeres en una de las zonas con mayor concentraci\u00f3n poblacional.<\/p>\n\n\n\n<p class=\"wp-block-paragraph\">En este sentido, las empresas Servicio Metropolitano del Golfo (SMG), Autotransportes Urbanos del Puerto (AUPSA) y Circunvalaci\u00f3n-Bah\u00eda han dispuesto de 8 veh\u00edculos que igualmente podr\u00e1n usar los menores de 12 a\u00f1os, son operados por conductoras y polic\u00edas encubiertas acompa\u00f1an el trayecto. Las rutas son las siguientes:<\/p>\n\n\n\n<ul class=\"wp-block-list\"><li>Del fraccionamiento Lagos de Puente Moreno las rutas 121, Matacocuite y Costera Centro.<\/li><li>Puente Moreno y 121 atienden Medell\u00edn, Boca del R\u00edo y Veracruz.<\/li><li>Ruta Costera Centro va de la zona norte de Veracruz al Centro Hist\u00f3rico.<\/li><\/ul>\n\n\n\n<p class=\"wp-block-paragraph\">De esta manera, suman nueve los municipios donde opera dicho sistema de protecci\u00f3n; cubriendo cuatro autobuses la zona Ixtaczoquitl\u00e1n-Ciudad Mendoza y con impacto en 5 municipios: Camerino Z. Mendoza, Ixtaczoquitl\u00e1n, Nogales, Orizaba y R\u00edo Blanco, adem\u00e1s de abarcar 21 kil\u00f3metros los siete d\u00edas de la semana de 06:00 a 22:00 horas.<\/p>\n\n\n\n<p class=\"wp-block-paragraph\"><strong>#ElVeracruzanoVip<\/strong><\/p>\n","protected":false},"excerpt":{"rendered":"<p>#Veracruz, #Ver.- El Gobierno Estatal de Veracruz, brindar\u00e1 a las habitantes de la conurbaci\u00f3n Veracruz\u2013Boca del R\u00edo\u2013Medell\u00edn un servicio de<\/p>\n","protected":false},"author":4,"featured_media":2084,"comment_status":"open","ping_status":"open","sticky":false,"template":"","format":"standard","meta":{"colormag_page_container_layout":"default_layout","colormag_page_sidebar_layout":"default_layout","rop_custom_images_group":[],"rop_custom_messages_group":[],"rop_publish_now":"initial","rop_publish_now_accounts":{"facebook_109133384920963_108472061465099":""},"rop_publish_now_history":[],"rop_publish_now_status":"pending","footnotes":""},"categories":[16],"tags":[17,26,20,18,69,19,21,23,22],"class_list":["post-2083","post","type-post","status-publish","format-standard","has-post-thumbnail","hentry","category-ultima-hora","tag-cuitlahuac-garcia-jimenez","tag-el-veracruzano-vip","tag-enterate","tag-gobierno-del-estado-de-veracruz","tag-municipio-de-veracruz","tag-redes-sociales","tag-ultima-hora","tag-ultimas-noticias","tag-ultimo-minuto"],"_links":{"self":[{"href":"https:\/\/elveracruzano.vip\/index.php?rest_route=\/wp\/v2\/posts\/2083","targetHints":{"allow":["GET"]}}],"collection":[{"href":"https:\/\/elveracruzano.vip\/index.php?rest_route=\/wp\/v2\/posts"}],"about":[{"href":"https:\/\/elveracruzano.vip\/index.php?rest_route=\/wp\/v2\/types\/post"}],"author":[{"embeddable":true,"href":"https:\/\/elveracruzano.vip\/index.php?rest_route=\/wp\/v2\/users\/4"}],"replies":[{"embeddable":true,"href":"https:\/\/elveracruzano.vip\/index.php?rest_route=%2Fwp%2Fv2%2Fcomments&post=2083"}],"version-history":[{"count":1,"href":"https:\/\/elveracruzano.vip\/index.php?rest_route=\/wp\/v2\/posts\/2083\/revisions"}],"predecessor-version":[{"id":2085,"href":"https:\/\/elveracruzano.vip\/index.php?rest_route=\/wp\/v2\/posts\/2083\/revisions\/2085"}],"wp:featuredmedia":[{"embeddable":true,"href":"https:\/\/elveracruzano.vip\/index.php?rest_route=\/wp\/v2\/media\/2084"}],"wp:attachment":[{"href":"https:\/\/elveracruzano.vip\/index.php?rest_route=%2Fwp%2Fv2%2Fmedia&parent=2083"}],"wp:term":[{"taxonomy":"category","embeddable":true,"href":"https:\/\/elveracruzano.vip\/index.php?rest_route=%2Fwp%2Fv2%2Fcategories&post=2083"},{"taxonomy":"post_tag","embeddable":true,"href":"https:\/\/elveracruzano.vip\/index.php?rest_route=%2Fwp%2Fv2%2Ftags&post=2083"}],"curies":[{"name":"wp","href":"https:\/\/api.w.org\/{rel}","templated":true}]}}