{"id":2036,"date":"2022-04-11T10:06:05","date_gmt":"2022-04-11T15:06:05","guid":{"rendered":"http:\/\/elveracruzano.vip\/?p=2036"},"modified":"2022-04-11T10:06:06","modified_gmt":"2022-04-11T15:06:06","slug":"trabajan-en-boca-del-rio-para-ofrecer-un-ambiente-de-tranquilidad-en-la-semana-santa-2022","status":"publish","type":"post","link":"https:\/\/elveracruzano.vip\/?p=2036","title":{"rendered":"Trabajan en Boca del R\u00edo, para ofrecer un ambiente de tranquilidad en la \u00abSemana Santa 2022\u00bb"},"content":{"rendered":"\n<p><strong>#BocaDelR\u00edo<\/strong>, <strong>#Ver<\/strong>.- El gobierno municipal de Boca del R\u00edo, trabaja para garantizar que visitantes y locales disfruten del municipio, con plena tranquilidad en esta Semana Santa 2022<\/p>\n\n\n\n<p>Estoy convencido que esta Semana Santa reactivar\u00e1 la econom\u00eda en Veracruz y Boca del R\u00edo, gracias al trabajo conjunto con la alcaldesa Paty Lobeira de Yunes con quien estamos en plena coordinaci\u00f3n, para que los visitantes disfruten lo mejor de estas grandes ciudades, Asegur\u00f3 Juan Manuel Unanue, alcalde de Boca del R\u00edo<\/p>\n\n\n\n<div class=\"wp-block-image\"><figure class=\"aligncenter size-full is-resized\"><img loading=\"lazy\" decoding=\"async\" src=\"http:\/\/elveracruzano.vip\/wp-content\/uploads\/2022\/04\/boca2-1.jpg\" alt=\"\" class=\"wp-image-2037\" width=\"454\" height=\"303\" srcset=\"https:\/\/elveracruzano.vip\/wp-content\/uploads\/2022\/04\/boca2-1.jpg 960w, https:\/\/elveracruzano.vip\/wp-content\/uploads\/2022\/04\/boca2-1-300x200.jpg 300w, https:\/\/elveracruzano.vip\/wp-content\/uploads\/2022\/04\/boca2-1-768x512.jpg 768w, https:\/\/elveracruzano.vip\/wp-content\/uploads\/2022\/04\/boca2-1-600x400.jpg 600w\" sizes=\"auto, (max-width: 454px) 100vw, 454px\" \/><\/figure><\/div>\n\n\n\n<p><strong>#ElVeracruzanoVip<\/strong><\/p>\n","protected":false},"excerpt":{"rendered":"<p>#BocaDelR\u00edo, #Ver.- El gobierno municipal de Boca del R\u00edo, trabaja para garantizar que visitantes y locales disfruten del municipio, con<\/p>\n","protected":false},"author":4,"featured_media":2038,"comment_status":"open","ping_status":"open","sticky":false,"template":"","format":"standard","meta":{"colormag_page_container_layout":"default_layout","colormag_page_sidebar_layout":"default_layout","rop_custom_images_group":[],"rop_custom_messages_group":[],"rop_publish_now":"initial","rop_publish_now_accounts":{"facebook_109133384920963_108472061465099":""},"rop_publish_now_history":[],"rop_publish_now_status":"pending","footnotes":""},"categories":[11],"tags":[35,17,76,26,20,18,19,21,23,22],"class_list":["post-2036","post","type-post","status-publish","format-standard","has-post-thumbnail","hentry","category-municipios-destacados","tag-boca-del-rio","tag-cuitlahuac-garcia-jimenez","tag-dif-boca-del-rio","tag-el-veracruzano-vip","tag-enterate","tag-gobierno-del-estado-de-veracruz","tag-redes-sociales","tag-ultima-hora","tag-ultimas-noticias","tag-ultimo-minuto"],"_links":{"self":[{"href":"https:\/\/elveracruzano.vip\/index.php?rest_route=\/wp\/v2\/posts\/2036","targetHints":{"allow":["GET"]}}],"collection":[{"href":"https:\/\/elveracruzano.vip\/index.php?rest_route=\/wp\/v2\/posts"}],"about":[{"href":"https:\/\/elveracruzano.vip\/index.php?rest_route=\/wp\/v2\/types\/post"}],"author":[{"embeddable":true,"href":"https:\/\/elveracruzano.vip\/index.php?rest_route=\/wp\/v2\/users\/4"}],"replies":[{"embeddable":true,"href":"https:\/\/elveracruzano.vip\/index.php?rest_route=%2Fwp%2Fv2%2Fcomments&post=2036"}],"version-history":[{"count":1,"href":"https:\/\/elveracruzano.vip\/index.php?rest_route=\/wp\/v2\/posts\/2036\/revisions"}],"predecessor-version":[{"id":2039,"href":"https:\/\/elveracruzano.vip\/index.php?rest_route=\/wp\/v2\/posts\/2036\/revisions\/2039"}],"wp:featuredmedia":[{"embeddable":true,"href":"https:\/\/elveracruzano.vip\/index.php?rest_route=\/wp\/v2\/media\/2038"}],"wp:attachment":[{"href":"https:\/\/elveracruzano.vip\/index.php?rest_route=%2Fwp%2Fv2%2Fmedia&parent=2036"}],"wp:term":[{"taxonomy":"category","embeddable":true,"href":"https:\/\/elveracruzano.vip\/index.php?rest_route=%2Fwp%2Fv2%2Fcategories&post=2036"},{"taxonomy":"post_tag","embeddable":true,"href":"https:\/\/elveracruzano.vip\/index.php?rest_route=%2Fwp%2Fv2%2Ftags&post=2036"}],"curies":[{"name":"wp","href":"https:\/\/api.w.org\/{rel}","templated":true}]}}