{"id":2001,"date":"2022-04-07T11:08:17","date_gmt":"2022-04-07T16:08:17","guid":{"rendered":"http:\/\/elveracruzano.vip\/?p=2001"},"modified":"2022-04-07T11:08:18","modified_gmt":"2022-04-07T16:08:18","slug":"entra-en-operacion-transporte-mujer-segura-en-region-altas-montanas","status":"publish","type":"post","link":"https:\/\/elveracruzano.vip\/?p=2001","title":{"rendered":"Entra en operaci\u00f3n Transporte Mujer Segura, en regi\u00f3n Altas Monta\u00f1as"},"content":{"rendered":"\n<p><strong>#Ixtaczoquitl\u00e1n, #Ver.<\/strong>&#8211; La Secretar\u00eda de Seguridad P\u00fablica (SSP), a trav\u00e9s de la Direcci\u00f3n General de Transporte del Estado (DGTE), puso en marcha la ruta\u00a0<em>Transporte Mujer Segura<\/em>\u00a0en los municipios de Camerino Z. Mendoza, Ixtaczoquitl\u00e1n, Nogales, Orizaba y R\u00edo Blanco.<\/p>\n\n\n\n<p>As\u00ed, la entidad es pionera en el sur-sureste del pa\u00eds con este tipo de servicio, cuya finalidad es prevenir la violencia de g\u00e9nero y construir entornos seguros; de ah\u00ed que las cuatro unidades en funcionamiento a partir de este martes son operadas por conductoras, hay vigilancia de polic\u00edas encubiertas y son exclusivas para mujeres y ni\u00f1as, as\u00ed como varones menores de 12 a\u00f1os.<\/p>\n\n\n\n<p>El trayecto a cubrir abarca de la terminal central en Ixtaczoquitl\u00e1n a la de Camerino Z. Mendoza, de 06:00 a 22:00 horas los siete d\u00edas de la semana. Al respecto, Aquileo Herrera Mungu\u00eda, concesionario de transporte en la regi\u00f3n Orizaba, dijo que los transportistas hacen equipo con la SSP en aras de garantizar seguridad a las usuarias.<\/p>\n\n\n\n<p>Tomaron parte en el evento el secretario Hugo Guti\u00e9rrez Maldonado, la titular de la Unidad de G\u00e9nero, Adriana Bertryl C\u00f3rdoba Alarc\u00f3n; el director de Transporte del Estado, \u00c1ngel Alarc\u00f3n Palmeros, autoridades municipales y representantes del sector transportista.<\/p>\n\n\n\n<p><strong>#ElVeracruzanoVip<\/strong><\/p>\n","protected":false},"excerpt":{"rendered":"<p>#Ixtaczoquitl\u00e1n, #Ver.&#8211; La Secretar\u00eda de Seguridad P\u00fablica (SSP), a trav\u00e9s de la Direcci\u00f3n General de Transporte del Estado (DGTE), puso<\/p>\n","protected":false},"author":4,"featured_media":2002,"comment_status":"open","ping_status":"open","sticky":false,"template":"","format":"standard","meta":{"colormag_page_container_layout":"default_layout","colormag_page_sidebar_layout":"default_layout","rop_custom_images_group":[],"rop_custom_messages_group":[],"rop_publish_now":"initial","rop_publish_now_accounts":{"facebook_109133384920963_108472061465099":""},"rop_publish_now_history":[],"rop_publish_now_status":"pending","footnotes":""},"categories":[14],"tags":[17,26,20,18,19,21,23,22],"class_list":["post-2001","post","type-post","status-publish","format-standard","has-post-thumbnail","hentry","category-secretarias","tag-cuitlahuac-garcia-jimenez","tag-el-veracruzano-vip","tag-enterate","tag-gobierno-del-estado-de-veracruz","tag-redes-sociales","tag-ultima-hora","tag-ultimas-noticias","tag-ultimo-minuto"],"_links":{"self":[{"href":"https:\/\/elveracruzano.vip\/index.php?rest_route=\/wp\/v2\/posts\/2001","targetHints":{"allow":["GET"]}}],"collection":[{"href":"https:\/\/elveracruzano.vip\/index.php?rest_route=\/wp\/v2\/posts"}],"about":[{"href":"https:\/\/elveracruzano.vip\/index.php?rest_route=\/wp\/v2\/types\/post"}],"author":[{"embeddable":true,"href":"https:\/\/elveracruzano.vip\/index.php?rest_route=\/wp\/v2\/users\/4"}],"replies":[{"embeddable":true,"href":"https:\/\/elveracruzano.vip\/index.php?rest_route=%2Fwp%2Fv2%2Fcomments&post=2001"}],"version-history":[{"count":1,"href":"https:\/\/elveracruzano.vip\/index.php?rest_route=\/wp\/v2\/posts\/2001\/revisions"}],"predecessor-version":[{"id":2003,"href":"https:\/\/elveracruzano.vip\/index.php?rest_route=\/wp\/v2\/posts\/2001\/revisions\/2003"}],"wp:featuredmedia":[{"embeddable":true,"href":"https:\/\/elveracruzano.vip\/index.php?rest_route=\/wp\/v2\/media\/2002"}],"wp:attachment":[{"href":"https:\/\/elveracruzano.vip\/index.php?rest_route=%2Fwp%2Fv2%2Fmedia&parent=2001"}],"wp:term":[{"taxonomy":"category","embeddable":true,"href":"https:\/\/elveracruzano.vip\/index.php?rest_route=%2Fwp%2Fv2%2Fcategories&post=2001"},{"taxonomy":"post_tag","embeddable":true,"href":"https:\/\/elveracruzano.vip\/index.php?rest_route=%2Fwp%2Fv2%2Ftags&post=2001"}],"curies":[{"name":"wp","href":"https:\/\/api.w.org\/{rel}","templated":true}]}}