{"id":1998,"date":"2022-04-07T11:07:19","date_gmt":"2022-04-07T16:07:19","guid":{"rendered":"http:\/\/elveracruzano.vip\/?p=1998"},"modified":"2022-04-07T11:17:39","modified_gmt":"2022-04-07T16:17:39","slug":"presentan-avances-de-la-politica-cero-impunidad-para-hacer-justicia-a-periodistas","status":"publish","type":"post","link":"https:\/\/elveracruzano.vip\/?p=1998","title":{"rendered":"Presentan avances de la pol\u00edtica Cero Impunidad para hacer justicia a periodistas"},"content":{"rendered":"\n<p><strong>#GobiernoDeM\u00e9xico<\/strong>.- El presidente Andr\u00e9s Manuel L\u00f3pez Obrador encabez\u00f3 la presentaci\u00f3n del reporte Cero Impunidad sobre los avances en la detenci\u00f3n, esclarecimiento y castigo a responsables de asesinatos de dirigentes sociales y periodistas.<\/p>\n\n\n\n<p>La secretaria de Seguridad y Protecci\u00f3n Ciudadana, Rosa Icela Rodr\u00edguez Vel\u00e1zquez, explic\u00f3 que sigue abierta la investigaci\u00f3n de los seis casos registrados este a\u00f1o de ataques contra comunicadores. Hasta el momento hay 21 detenidos y vinculados a proceso; sigue la b\u00fasqueda de cinco presuntos responsables identificados.<\/p>\n\n\n\n<p>La funcionaria destac\u00f3 los resultados de las indagatorias al d\u00eda de hoy:<\/p>\n\n\n\n<ul class=\"wp-block-list\"><li><strong>Jos\u00e9 Luis Gamboa Arenas<\/strong>\u00a0(Veracruz, 10 de enero de 2022). Identificado el m\u00f3vil y los autores material e intelectual. Se fortalece la carpeta de investigaci\u00f3n.<\/li><li><strong>Margarito Mart\u00ednez Esquivel<\/strong>\u00a0(Baja California, 17 de enero). Se registran 10 detenidos y tres vinculados a proceso.<\/li><li><strong>Lourdes Maldonado<\/strong>\u00a0(Baja California, 23 de enero). Tres vinculados a proceso por su homicidio.<\/li><li><strong>Heber L\u00f3pez V\u00e1squez<\/strong>\u00a0(Oaxaca, 10 de febrero de 2022). Dos detenidos y dos vinculados a proceso. La Fiscal\u00eda General de la Rep\u00fablica atrajo la investigaci\u00f3n.<\/li><li><strong>Armando Linares<\/strong>\u00a0(Michoac\u00e1n, 15 de marzo de 2022). Tres presuntos responsables identificados. La Fiscal\u00eda Estatal ofrece recompensa.<\/li><li><strong>Juan Carlos Mu\u00f1iz<\/strong>. (Zacatecas, 4 de marzo de 2022). Hay un detenido.<\/li><li>El 31 de marzo, en Amozoc, Puebla, se detuvo a Gustavo Abigail \u201cN\u201d por su participaci\u00f3n en el homicidio del periodista\u00a0<strong>Julio Valdivia Rodr\u00edguez<\/strong>, corresponsal del diario El Mundo en C\u00f3rdoba, Veracruz. El detenido est\u00e1 en proceso de vinculaci\u00f3n.<\/li><li>El caso de secuestro y desaparici\u00f3n del periodista\u00a0<strong>Alfredo Jim\u00e9nez Mota<\/strong>, ocurrido en 2005 en Hermosillo, Sonora, lo atiende la Subsecretar\u00eda de Derechos Humanos de la Secretar\u00eda de Gobernaci\u00f3n en conjunto con la Fiscal\u00eda General de la Rep\u00fablica.<\/li><\/ul>\n\n\n\n<p><strong>#ElVeracruzanoVip<\/strong><\/p>\n","protected":false},"excerpt":{"rendered":"<p>#GobiernoDeM\u00e9xico.- El presidente Andr\u00e9s Manuel L\u00f3pez Obrador encabez\u00f3 la presentaci\u00f3n del reporte Cero Impunidad sobre los avances en la detenci\u00f3n,<\/p>\n","protected":false},"author":4,"featured_media":1999,"comment_status":"open","ping_status":"open","sticky":false,"template":"","format":"standard","meta":{"colormag_page_container_layout":"default_layout","colormag_page_sidebar_layout":"default_layout","rop_custom_images_group":[],"rop_custom_messages_group":[],"rop_publish_now":"initial","rop_publish_now_accounts":{"facebook_109133384920963_108472061465099":""},"rop_publish_now_history":[],"rop_publish_now_status":"pending","footnotes":""},"categories":[13],"tags":[45,26,20,29,19,21,23,22],"class_list":["post-1998","post","type-post","status-publish","format-standard","has-post-thumbnail","hentry","category-principales","tag-amlo","tag-el-veracruzano-vip","tag-enterate","tag-gobierno-de-mexico","tag-redes-sociales","tag-ultima-hora","tag-ultimas-noticias","tag-ultimo-minuto"],"_links":{"self":[{"href":"https:\/\/elveracruzano.vip\/index.php?rest_route=\/wp\/v2\/posts\/1998","targetHints":{"allow":["GET"]}}],"collection":[{"href":"https:\/\/elveracruzano.vip\/index.php?rest_route=\/wp\/v2\/posts"}],"about":[{"href":"https:\/\/elveracruzano.vip\/index.php?rest_route=\/wp\/v2\/types\/post"}],"author":[{"embeddable":true,"href":"https:\/\/elveracruzano.vip\/index.php?rest_route=\/wp\/v2\/users\/4"}],"replies":[{"embeddable":true,"href":"https:\/\/elveracruzano.vip\/index.php?rest_route=%2Fwp%2Fv2%2Fcomments&post=1998"}],"version-history":[{"count":2,"href":"https:\/\/elveracruzano.vip\/index.php?rest_route=\/wp\/v2\/posts\/1998\/revisions"}],"predecessor-version":[{"id":2014,"href":"https:\/\/elveracruzano.vip\/index.php?rest_route=\/wp\/v2\/posts\/1998\/revisions\/2014"}],"wp:featuredmedia":[{"embeddable":true,"href":"https:\/\/elveracruzano.vip\/index.php?rest_route=\/wp\/v2\/media\/1999"}],"wp:attachment":[{"href":"https:\/\/elveracruzano.vip\/index.php?rest_route=%2Fwp%2Fv2%2Fmedia&parent=1998"}],"wp:term":[{"taxonomy":"category","embeddable":true,"href":"https:\/\/elveracruzano.vip\/index.php?rest_route=%2Fwp%2Fv2%2Fcategories&post=1998"},{"taxonomy":"post_tag","embeddable":true,"href":"https:\/\/elveracruzano.vip\/index.php?rest_route=%2Fwp%2Fv2%2Ftags&post=1998"}],"curies":[{"name":"wp","href":"https:\/\/api.w.org\/{rel}","templated":true}]}}