{"id":1972,"date":"2022-04-04T10:54:53","date_gmt":"2022-04-04T15:54:53","guid":{"rendered":"http:\/\/elveracruzano.vip\/?p=1972"},"modified":"2022-04-04T10:54:53","modified_gmt":"2022-04-04T15:54:53","slug":"con-fuerza-musica-y-tradicion-el-municipio-de-veracruz-promueve-la-cultura","status":"publish","type":"post","link":"https:\/\/elveracruzano.vip\/?p=1972","title":{"rendered":"Con fuerza, m\u00fasica y tradici\u00f3n, el municipio de Veracruz promueve la cultura"},"content":{"rendered":"\n<p><strong>#Veracruz<\/strong>, <strong>#Ver<\/strong>.- En el marco de los foros \u201cTus ideas x Veracruz\u201d en materia de \u201cCultura y Sociedad\u201d, la alcaldesa Patricia Lobeira Rodr\u00edguez recorri\u00f3 los museos, callejones y plazuelas del Centro Hist\u00f3rico de Veracruz, para escuchar de viva voz las opiniones de las personas que todos los d\u00edas trabajan para dar vida a la ciudad, que la llenan de armon\u00eda y folclor.<\/p>\n\n\n\n<p>En su caminar platic\u00f3 con los m\u00fasicos de danz\u00f3n, los jaraneros, decimeros y quienes tocan la marimba, que llenan de alegr\u00eda el Z\u00f3calo de la ciudad, as\u00ed como tambi\u00e9n la gente y turistas que participan en los talleres o actividades recreativas que ah\u00ed se ofrecen como son pintura, lauder\u00eda y ajedrez.<\/p>\n\n\n\n<p>\u201cEstoy convencida de que el verdadero potencial de Veracruz radica en su gente, somos personas alegres, generosas, trabajadoras, solidarias y creativas\u201d, afirm\u00f3.<\/p>\n\n\n\n<p>Destac\u00f3 que Veracruz es historia, pero es la alegr\u00eda de las y los jarochos lo que enamora al turista y lo hace volver. \u201cPor ello, nos aseguraremos que en nuestro puerto, nuestra casa, nunca falten el baile, las sonrisas ni el son\u201d, a\u00f1adi\u00f3.<\/p>\n\n\n\n<p><strong>#ElVeracruzanoVip<\/strong><\/p>\n","protected":false},"excerpt":{"rendered":"<p>#Veracruz, #Ver.- En el marco de los foros \u201cTus ideas x Veracruz\u201d en materia de \u201cCultura y Sociedad\u201d, la alcaldesa<\/p>\n","protected":false},"author":4,"featured_media":1973,"comment_status":"open","ping_status":"open","sticky":false,"template":"","format":"standard","meta":{"colormag_page_container_layout":"default_layout","colormag_page_sidebar_layout":"default_layout","rop_custom_images_group":[],"rop_custom_messages_group":[],"rop_publish_now":"initial","rop_publish_now_accounts":{"facebook_109133384920963_108472061465099":""},"rop_publish_now_history":[],"rop_publish_now_status":"pending","footnotes":""},"categories":[8],"tags":[17,26,20,18,69,19,84,21,23,22,90],"class_list":["post-1972","post","type-post","status-publish","format-standard","has-post-thumbnail","hentry","category-alcaldesas","tag-cuitlahuac-garcia-jimenez","tag-el-veracruzano-vip","tag-enterate","tag-gobierno-del-estado-de-veracruz","tag-municipio-de-veracruz","tag-redes-sociales","tag-secretaria-de-proteccion-civil-del-estado-de-veracruz","tag-ultima-hora","tag-ultimas-noticias","tag-ultimo-minuto","tag-veracruz-ciudad-y-puerto"],"_links":{"self":[{"href":"https:\/\/elveracruzano.vip\/index.php?rest_route=\/wp\/v2\/posts\/1972","targetHints":{"allow":["GET"]}}],"collection":[{"href":"https:\/\/elveracruzano.vip\/index.php?rest_route=\/wp\/v2\/posts"}],"about":[{"href":"https:\/\/elveracruzano.vip\/index.php?rest_route=\/wp\/v2\/types\/post"}],"author":[{"embeddable":true,"href":"https:\/\/elveracruzano.vip\/index.php?rest_route=\/wp\/v2\/users\/4"}],"replies":[{"embeddable":true,"href":"https:\/\/elveracruzano.vip\/index.php?rest_route=%2Fwp%2Fv2%2Fcomments&post=1972"}],"version-history":[{"count":1,"href":"https:\/\/elveracruzano.vip\/index.php?rest_route=\/wp\/v2\/posts\/1972\/revisions"}],"predecessor-version":[{"id":1974,"href":"https:\/\/elveracruzano.vip\/index.php?rest_route=\/wp\/v2\/posts\/1972\/revisions\/1974"}],"wp:featuredmedia":[{"embeddable":true,"href":"https:\/\/elveracruzano.vip\/index.php?rest_route=\/wp\/v2\/media\/1973"}],"wp:attachment":[{"href":"https:\/\/elveracruzano.vip\/index.php?rest_route=%2Fwp%2Fv2%2Fmedia&parent=1972"}],"wp:term":[{"taxonomy":"category","embeddable":true,"href":"https:\/\/elveracruzano.vip\/index.php?rest_route=%2Fwp%2Fv2%2Fcategories&post=1972"},{"taxonomy":"post_tag","embeddable":true,"href":"https:\/\/elveracruzano.vip\/index.php?rest_route=%2Fwp%2Fv2%2Ftags&post=1972"}],"curies":[{"name":"wp","href":"https:\/\/api.w.org\/{rel}","templated":true}]}}